{"id":8097,"date":"2021-08-03T09:04:55","date_gmt":"2021-08-03T09:04:55","guid":{"rendered":"https:\/\/penbelarus.org\/?p=8097"},"modified":"2021-08-04T11:44:13","modified_gmt":"2021-08-04T11:44:13","slug":"kali-idzesh-praz-pekla-nelga-spynyaczcza-aglyad-belaruskaj-kultury-padchas-gramadska-palitychnaga-kryzisu-26-lipenya-1-zhniunya-2021","status":"publish","type":"post","link":"https:\/\/penbelarus.org\/en\/2021\/08\/03\/kali-idzesh-praz-pekla-nelga-spynyaczcza-aglyad-belaruskaj-kultury-padchas-gramadska-palitychnaga-kryzisu-26-lipenya-1-zhniunya-2021.html","title":{"rendered":"\u201cIf you&#8217;re going through hell, keep going.\u201d Review of Belarusian Culture In Sociopolitical Crisis: July 26-August 1, 2021"},"content":{"rendered":"<hr \/>\n<p style=\"text-align: center\"><a href=\"https:\/\/penbelarus.org\/wp-content\/uploads\/2021\/08\/cult_43_en.pdf\" class=\"count\" target=\"_blank\" rel=\"noopener \"><span style=\"font-size: 14pt\"><strong>Download the pdf-version of issue\u00a043 of Cultural Resistance Monitoring<\/strong><\/span><\/a><\/p>\n<hr \/>\n<p style=\"text-align: center\"><span style=\"font-size: 18pt\"><b>Results of monitoring of cultural rights violations for January-June 2021<\/b><\/span><\/p>\n<p style=\"text-align: justify\"><span style=\"font-weight: 400\">During the first half of 2021, <\/span><a href=\"https:\/\/penbelarus.org\/en\/2021\/07\/22\/bel-ru-manitoryng-parushennyau-kulturnyh-pravou-i-pravou-chalaveka-u-dachynenni-da-dzeyachau-kultury-u-belarusi-studzen-cherven-2021.html\"><span style=\"font-weight: 400\">PEN Belarus recorded<\/span><\/a><span style=\"font-weight: 400\"> 621 cases of human and cultural rights violations.<\/span><\/p>\n<hr \/>\n<p style=\"text-align: center\"><span style=\"font-size: 18pt\"><b>Persecution, Convictions, Cultural Policy<\/b><\/span><\/p>\n<figure id=\"attachment_8099\" style=\"width: 340px\"  class=\"wp-caption alignleft\"><img decoding=\"async\" class=\"wp-image-8099 size-gallery-thumbnails-small\" src=\"https:\/\/penbelarus.org\/wp-content\/uploads\/2021\/08\/1_aleg-gruzdzilovich-340x240.png\" alt=\"\" width=\"340\" height=\"240\" \/ loading=\"lazy\"><figcaption class=\"wp-caption-text\">Aleh Hruzdzi\u0142ovi\u010d, photo by svaboda.org<\/figcaption><\/figure>\n<p style=\"text-align: justify\"><b>Aleh Hruzdzi\u0142ovi\u010d<\/b><span style=\"font-weight: 400\"> [Hruzdzilovich], journalist, author of a documentary book about the explosion in the Minsk metro in 2011, and <\/span><b>Ihar Ilja\u0161<\/b><span style=\"font-weight: 400\"> [Iliash], journalist, co-author (together with Kaciaryna Andrejeva) of the book &#8220;Belarusian Donbass&#8221;, were released from Akrestsina prison on July 26. They have no right to disclose the details of their cases.\u00a0<\/span><\/p>\n<p style=\"text-align: justify\"><b>Jula \u010carnia\u016dskaja<\/b><span style=\"font-weight: 400\">, a culture researcher and widow of TUT.BY founder Yury Zisser,<\/span> <span style=\"font-weight: 400\">remains under house arrest, by the decision of the investigators. She was detained on May 18 as a suspect under Art. 243 of the Criminal Code \u2013 Tax evasion.<\/span><\/p>\n<p style=\"text-align: justify\"><span style=\"font-weight: 400\">Cleansing continues: <\/span><b>in Hrodna<\/b><span style=\"font-weight: 400\"> the Rock Club, founded by Ihar Bancar in 2014, and the <\/span><a href=\"https:\/\/edustudio.by\/\" target=\"_blank\" rel=\"nofollow noindex noopener\"><span style=\"font-weight: 400\">Studio of Useful Competences<\/span><\/a><span style=\"font-weight: 400\"> were eliminated. <\/span><\/p>\n<figure id=\"attachment_8100\" style=\"width: 340px\"  class=\"wp-caption alignright\"><img decoding=\"async\" class=\"wp-image-8100 size-gallery-thumbnails-small\" src=\"https:\/\/penbelarus.org\/wp-content\/uploads\/2021\/08\/1_natallya-zdanevich-340x240.jpg\" alt=\"\" width=\"340\" height=\"240\" \/ loading=\"lazy\"><figcaption class=\"wp-caption-text\">Natalla Zdanievi\u010d<\/figcaption><\/figure>\n<p style=\"text-align: justify\"><span style=\"font-weight: 400\">At the registration address of <\/span><b>Natalla Zdanievi\u010d<\/b><span style=\"font-weight: 400\">, project manager of the <\/span><a href=\"https:\/\/about-history.info\/en\/organizations\/2-local-charitable-foundation-brest-fortress-development-foundation\/\" target=\"_blank\" rel=\"nofollow noindex noopener\"><span style=\"font-weight: 400\">Brest Fortress Development Foundation<\/span><\/a><span style=\"font-weight: 400\">, a KGB search was held. The Foundation unites efforts of international experts in the field of studying the heritage of Brest and the Brest Fortress, initiates archival research, promotes popularization of history in new modern formats, works with digitalization of knowledge, and also helps consolidate and develop a community of people interested in preserving the heritage.<\/span><\/p>\n<p style=\"text-align: justify\"><b>Andrus and Taciana Mastyka<\/b><span style=\"font-weight: 400\"> were released on July 29 after 10 days of arrest.<\/span><\/p>\n<p style=\"text-align: justify\"><span style=\"font-weight: 400\"><img decoding=\"async\" class=\"size-full wp-image-8101 alignleft\" src=\"https:\/\/penbelarus.org\/wp-content\/uploads\/2021\/08\/2_aazis.jpg\" alt=\"\" width=\"200\" height=\"200\" \/ loading=\"lazy\" srcset=\"https:\/\/penbelarus.org\/wp-content\/uploads\/2021\/08\/2_aazis.jpg 200w, https:\/\/penbelarus.org\/wp-content\/uploads\/2021\/08\/2_aazis-150x150.jpg 150w\" sizes=\"auto, (max-width: 200px) 100vw, 200px\" \/><\/span><\/p>\n<p style=\"text-align: justify\"><span style=\"font-weight: 400\">A <\/span><b>court hearing on liquidation of PEN Belarus<\/b><span style=\"font-weight: 400\"> under the lawsuit filed by the Ministry of Justice is to be held on August 3 in Minsk.\u00a0<\/span><\/p>\n<p style=\"text-align: justify\"><b>The Goethe Institute <\/b><span style=\"font-weight: 400\">officially stopped working in Belarus, as demanded by the Ministry of Foreign Affairs of Belarus.<\/span><\/p>\n<p style=\"text-align: justify\"><span style=\"font-weight: 400\">In Brets, four more non-governmental organizations were<\/span><b> liquidated<\/b><span style=\"font-weight: 400\">, among them: the cultural and educational institution <\/span><b>Brest Oasis<\/b><span style=\"font-weight: 400\"> and the cultural and educational institution <\/span><b>European Gate<\/b><span style=\"font-weight: 400\">.<\/span><\/p>\n<p style=\"text-align: justify\"><span style=\"font-weight: 400\">The book <b><i>Revolution<\/i><\/b><b> by Viktar Marcinovi\u010d<\/b> has appeared in a shop selling confiscated goods. Back in January 2021, 500 copies were confiscated from the Knihazbor publisher.<br \/>\n<\/span><\/p>\n<hr \/>\n<p style=\"text-align: center\"><span style=\"font-size: 18pt\"><b>Life of the Imprisoned People<\/b><\/span><\/p>\n<figure id=\"attachment_8102\" style=\"width: 340px\"  class=\"wp-caption alignleft\"><img decoding=\"async\" class=\"wp-image-8102 size-gallery-thumbnails-small\" src=\"https:\/\/penbelarus.org\/wp-content\/uploads\/2021\/08\/2_natallya-hershe-340x240.jpg\" alt=\"\" width=\"340\" height=\"240\" \/ loading=\"lazy\"><figcaption class=\"wp-caption-text\">Natalla Chier\u0161e<\/figcaption><\/figure>\n<p style=\"text-align: justify\"><a href=\"https:\/\/prisoners.spring96.org\/en\/person\/natallja-khersze\" target=\"_blank\" rel=\"nofollow noindex noopener\"><b>Natalla Chier\u0161e<\/b><\/a><span style=\"font-weight: 400\"> [Natalia Hershe], an artist sentenced to 2 years and 6 months in a general-security penal colony, spent almost two months in a punitive confinement, where she didn\u2019t have even bed linen, as a punishment for refusing to sew uniform for law enforcement officers, and other violations. Now she has been transferred to a solitary confinement. Natalla refuses to write a mercy plea addressed to \u0141uka\u0161enka [Lukashenka].<\/span><\/p>\n<figure id=\"attachment_8103\" style=\"width: 340px\"  class=\"wp-caption alignright\"><img decoding=\"async\" class=\"wp-image-8103 size-gallery-thumbnails-small\" src=\"https:\/\/penbelarus.org\/wp-content\/uploads\/2021\/08\/3_igar-banczer-340x240.jpg\" alt=\"\" width=\"340\" height=\"240\" \/ loading=\"lazy\"><figcaption class=\"wp-caption-text\">Ihar Bancar<\/figcaption><\/figure>\n<p style=\"text-align: justify\"><a href=\"https:\/\/prisoners.spring96.org\/en\/person\/ihar-bancar\" target=\"_blank\" rel=\"nofollow noindex noopener\"><b>Ihar Bancar<\/b><\/a><span style=\"font-weight: 400\"> [Bantsar], serving a year and a half term in an open penal facility for dancing in his strings in front of a policeman, sent postcards to the arrested management of Viasna; for the first time in almost 40 days he was taken to hospital for medical examination; he is offered to write a mercy plea, but he isn\u2019t going to do so.<\/span><\/p>\n<p style=\"text-align: justify\"><a href=\"https:\/\/prisoners.spring96.org\/en\/person\/anastasija-mironcava\" target=\"_blank\" rel=\"nofollow noindex noopener\"><b>Anastasija Mironcava<\/b><\/a><span style=\"font-weight: 400\"> writes from the penal colony \u21164 in Homel, where she has to serve 2 years of imprisonment,<\/span><\/p>\n<blockquote>\n<figure id=\"attachment_8104\" style=\"width: 340px\"  class=\"wp-caption alignleft\"><img decoding=\"async\" class=\"wp-image-8104 size-gallery-thumbnails-small\" src=\"https:\/\/penbelarus.org\/wp-content\/uploads\/2021\/08\/3_stasya-mironczava-340x240.jpg\" alt=\"\" width=\"340\" height=\"240\" \/ loading=\"lazy\"><figcaption class=\"wp-caption-text\">drawing by Anastasija Mironcava<\/figcaption><\/figure>\n<p style=\"text-align: justify\"><span style=\"font-weight: 400\">&#8220;On the 16th we watched the premiere of a theatrical production. There is a club here \u2013 a room with a stage, huge curtains and rows of chairs. The director has been working with convicts for many years. What an awesome show he made! And the girls play! .. I even thought they were real actors.\u201d<\/span><\/p>\n<\/blockquote>\n<hr \/>\n<p style=\"text-align: center\"><span style=\"font-size: 18pt\"><b>Dissent and Cultural Activism <\/b><\/span><\/p>\n<p style=\"text-align: justify\"><span style=\"font-weight: 400\">Despite the fact that many art workers had to leave Belarus \u2013 because of persecution, dismissal, and no opportunities to work \u2013 many stayed and continued their daily work of preserving and developing Belarusian culture, although not as noticeable and loud as what we saw it during 2020. However, this situation is not new to us, and we know well the value of this quiet daily work, without which there would have been no celebration of culture that we observed last year.<\/span><\/p>\n<p style=\"text-align: justify\"><b>Mikita Moni\u010d<\/b><span style=\"font-weight: 400\"> [Nikita Monich], an art critic who had to quit the National Art Museum in the summer of 2020 because of the poem he wrote, has launched a <\/span><a href=\"https:\/\/www.youtube.com\/channel\/UCD0f2ZX1LzAd3Slaa9So0dw\" target=\"_blank\" rel=\"nofollow noindex noopener\"><span style=\"font-weight: 400\">YouTube project Around Culture<\/span><\/a><span style=\"font-weight: 400\">, in which he will talk about how to enjoy cultural artifacts and why go to museums and theaters.<\/span><\/p>\n<p><iframe loading=\"lazy\" title=\"\u041f\u043e\u0447\u0435\u043c\u0443 \u0410\u0434\u0430\u043c \u041c\u0438\u0446\u043a\u0435\u0432\u0438\u0447 \u0434\u043e\u043b\u0436\u0435\u043d \u0443\u043c\u0435\u0440\u0435\u0442\u044c?\" width=\"500\" height=\"281\" src=\"https:\/\/www.youtube.com\/embed\/5BQ3LxBFkOo?feature=oembed\" frameborder=\"0\" allow=\"accelerometer; autoplay; clipboard-write; encrypted-media; gyroscope; picture-in-picture; web-share\" referrerpolicy=\"strict-origin-when-cross-origin\" allowfullscreen><\/iframe><\/p>\n<p style=\"text-align: justify\"><b>The Choir of Free Bara\u016dlany <\/b><span style=\"font-weight: 400\">(a district in Minsk) <\/span><a href=\"https:\/\/www.youtube.com\/watch?v=tr_NXWCwpRU\" target=\"_blank\" rel=\"nofollow noindex noopener\"><span style=\"font-weight: 400\">congratulated<\/span><\/a><span style=\"font-weight: 400\"> Belarusians on the Independence Day (July 27, the day of the Declaration of Sovereignty of Belarus in breaking away from the Soviet Union). <\/span><\/p>\n<p style=\"text-align: justify\"><span style=\"font-weight: 400\">A<\/span> <a href=\"https:\/\/www.youtube.com\/watch?v=o1L9AtxQ1s0\" target=\"_blank\" rel=\"nofollow noindex noopener\"><span style=\"font-weight: 400\">new song<\/span><\/a><span style=\"font-weight: 400\"> has been released by the band <\/span><b>Laundans<\/b><span style=\"font-weight: 400\">, who played a lot at the neighbours\u2019 gatherings in 2020. The video was created by an artist <\/span><a href=\"https:\/\/instagram.com\/liza_liankevich_art\" target=\"_blank\" rel=\"nofollow noindex noopener\"><b>Liza Lankievi\u010d<\/b><\/a><span style=\"font-weight: 400\">.<\/span><\/p>\n<p><iframe loading=\"lazy\" title=\"znak stop - \u042f \u0431 \u0445\u0430\u0446\u0435\u045e \u0437\u0430\u0441\u0442\u0430\u0446\u0446\u0430\" width=\"500\" height=\"375\" src=\"https:\/\/www.youtube.com\/embed\/o1L9AtxQ1s0?feature=oembed\" frameborder=\"0\" allow=\"accelerometer; autoplay; clipboard-write; encrypted-media; gyroscope; picture-in-picture; web-share\" referrerpolicy=\"strict-origin-when-cross-origin\" allowfullscreen><\/iframe><\/p>\n\n<p style=\"text-align: justify\"><span style=\"font-weight: 400\">A <\/span><b>book of prose<\/b> <i><span style=\"font-weight: 400\">Black River<\/span><\/i><span style=\"font-weight: 400\"> by<\/span><b> Pavie\u0142 Ka\u015bpiarovi\u010d <\/b><span style=\"font-weight: 400\">was published with the support of the Union of Belarusian Writers. Pavie\u0142 Ka\u015bpiarovi\u010d is a poet, writer, Orthodox priest, clergyman of the Holy Intercession Cathedral in Hrodna.<\/span><\/p>\n<p style=\"text-align: justify\"><b>U\u0142adzimir Skamaro\u0161\u010danka<\/b><span style=\"font-weight: 400\">, an artist from Hrodna, created<\/span> <a href=\"https:\/\/www.instagram.com\/p\/CR0Pai5Hakq\/?utm_medium=copy_link\" target=\"_blank\" rel=\"nofollow noindex noopener\"><span style=\"font-weight: 400\">a series of graphic portraits<\/span><\/a><span style=\"font-weight: 400\"> of prominent Belarusian cultural figures. <\/span><\/p>\n      <div class=\"fotorama\" data-width=\"100%\" data-ratio=\"810\/540\" data-nav=\"thumbs\" data-thumbwidth=\"100\" data-thumbheight=\"60\" data-allowfullscreen=\"native\">\r\n          <img decoding=\"async\" src=\"https:\/\/penbelarus.org\/wp-content\/uploads\/2021\/08\/4_uladzimir-skaramoshchanka_1.jpg\" data-full=\"https:\/\/penbelarus.org\/wp-content\/uploads\/2021\/08\/4_uladzimir-skaramoshchanka_1.jpg\" data-caption=\"Eliza A\u017ee\u0161ka\" alt=\"\">\r\n          <img decoding=\"async\" src=\"https:\/\/penbelarus.org\/wp-content\/uploads\/2021\/08\/4_uladzimir-skaramoshchanka_2.jpg\" data-full=\"https:\/\/penbelarus.org\/wp-content\/uploads\/2021\/08\/4_uladzimir-skaramoshchanka_2.jpg\" data-caption=\"Uladzimir Karatkievi\u010d\" alt=\"\">\r\n          <img decoding=\"async\" src=\"https:\/\/penbelarus.org\/wp-content\/uploads\/2021\/08\/4_uladzimir-skaramoshchanka_3.jpg\" data-full=\"https:\/\/penbelarus.org\/wp-content\/uploads\/2021\/08\/4_uladzimir-skaramoshchanka_3.jpg\" data-caption=\"Francysk Skaryna\" alt=\"\">\r\n          <img decoding=\"async\" src=\"https:\/\/penbelarus.org\/wp-content\/uploads\/2021\/08\/4_uladzimir-skaramoshchanka_4.jpg\" data-full=\"https:\/\/penbelarus.org\/wp-content\/uploads\/2021\/08\/4_uladzimir-skaramoshchanka_4.jpg\" data-caption=\"Ryhor Baradulin\" alt=\"\">\r\n      <\/div>\r\n\n\n<p style=\"text-align: justify\"><span style=\"font-weight: 400\">An <\/span><b>exhibition of icons<\/b><span style=\"font-weight: 400\"> from Vietka opened on July 24 in the National Arts Museum. Vietka village in Sluck region survived a lot of fires, including several wars and Chernobyl, and the project spanning from 2002 to 2021 has gathered artifacts from several museums and private collections. <\/span><\/p>\n<figure id=\"attachment_8109\" style=\"width: 340px\"  class=\"wp-caption alignleft\"><img decoding=\"async\" class=\"wp-image-8109 size-gallery-thumbnails-small\" src=\"https:\/\/penbelarus.org\/wp-content\/uploads\/2021\/08\/4_genius-loci.-genius-lost-340x240.png\" alt=\"\" width=\"340\" height=\"240\" \/ loading=\"lazy\"><figcaption class=\"wp-caption-text\">Genius loci. Genius lost, photo by ncsm.by<\/figcaption><\/figure>\n<p style=\"text-align: justify\"><span style=\"font-weight: 400\">A curated <\/span><b>art project<\/b> <b>Existence. Space<\/b><span style=\"font-weight: 400\"> opened in Minsk on July 22. Young Belarusian artists work on the theme of loneliness, existential crisis, and the uniqueness of human existence.<\/span><\/p>\n<p style=\"text-align: justify\"><b>Photo exhibition Genius loci. Genius lost<\/b><span style=\"font-weight: 400\"> closed at the National Centre for Modern Arts in Minsk on August 1. The starting point of the art project was a plein air in the art village of Kaptaruny, an inspiring and mystical place on the border of Belarus and Lithuania. Photographers tried to get lost in an unfamiliar landscape, and rediscover it and themselves.<\/span><\/p>\n<figure id=\"attachment_8110\" style=\"width: 340px\"  class=\"wp-caption alignright\"><img decoding=\"async\" class=\"wp-image-8110 size-gallery-thumbnails-small\" src=\"https:\/\/penbelarus.org\/wp-content\/uploads\/2021\/08\/zori_9-340x240.jpg\" alt=\"\" width=\"340\" height=\"240\" \/ loading=\"lazy\"><figcaption class=\"wp-caption-text\">Exhibition of painted carpets, photo by ncsm.by<\/figcaption><\/figure>\n<p style=\"text-align: justify\"><b>Exhibition of painted carpets<\/b><span style=\"font-weight: 400\">, common in Belarus in the 20-50s of the 20th century, is held in the National Centre for Contemporary Arts in Minsk. <\/span><\/p>\n<p style=\"text-align: justify\"><span style=\"font-weight: 400\">The famous opera singer <\/span><b>Ilja Sil\u010duko\u016d<\/b><span style=\"font-weight: 400\"> released a video for the song <\/span><a href=\"https:\/\/www.youtube.com\/watch?v=vozwfpWXQWg\" target=\"_blank\" rel=\"nofollow noindex noopener\"><span style=\"font-weight: 400\">&#8220;Wolves&#8221;<\/span><\/a><span style=\"font-weight: 400\">. The plot addresses the topic of violence experienced by Belarusians in 2020.<\/span><\/p>\n<p style=\"text-align: justify\"><span style=\"font-weight: 400\">The <\/span><b>Volny Chor<\/b><span style=\"font-weight: 400\"> (Free Choir) <\/span><a href=\"https:\/\/www.youtube.com\/watch?v=MIyBixILpRA\" target=\"_blank\" rel=\"nofollow noindex noopener\"><span style=\"font-weight: 400\">performed<\/span><\/a><span style=\"font-weight: 400\"> on the Tegelsee in Berlin Strandbad. This choir is a unique musical organism, which since its founding in August 2020 has become one of the symbols of struggle and solidarity through art in Belarus.<\/span><\/p>\n<p style=\"text-align: justify\"><a href=\"https:\/\/youtu.be\/kRmAGn4LhvE\" target=\"_blank\" rel=\"nofollow noindex noopener\"><span style=\"font-weight: 400\">Video version of the <\/span><b>concert<\/b><\/a><span style=\"font-weight: 400\">, which took place within the framework of the Week of Belarusian Culture on July 11 with the participation of Belarusian artists who moved to Kyiv as a result of political repressions.<\/span><\/p>\n<p style=\"text-align: justify\"><span style=\"font-weight: 400\">Belarusian <\/span><b>designer <\/b><a href=\"https:\/\/twitter.com\/AlenaSteinke5\" target=\"_blank\" rel=\"nofollow noindex noopener\"><b>Alena Steinke<\/b><\/a><span style=\"font-weight: 400\"> has launched the sale of her collection to help Belarusian women political prisoners.<\/span><\/p>\n<hr \/>\n<p style=\"text-align: center\"><span style=\"font-size: 18pt\"><b>Voices of Belarusian Culture<\/b><\/span><\/p>\n<figure id=\"attachment_8111\" style=\"width: 340px\"  class=\"wp-caption alignleft\"><img decoding=\"async\" class=\"wp-image-8111 size-gallery-thumbnails-small\" src=\"https:\/\/penbelarus.org\/wp-content\/uploads\/2021\/08\/5_syargej-dubavecz-e1627899313151-340x240.jpg\" alt=\"\" width=\"340\" height=\"240\" \/ loading=\"lazy\"><figcaption class=\"wp-caption-text\">Siarhiej Dubaviec<\/figcaption><\/figure>\n<p style=\"text-align: justify\"><b>Siarhiej Dubaviec<\/b><span style=\"font-weight: 400\">, writer, PEN Belarus Board Member,<\/span><\/p>\n<blockquote>\n<p style=\"text-align: justify\"><span style=\"font-weight: 400\">\u201cThe uprising of 2020 fits perfectly into the long series of uprisings that have been taking place in Belarus since the partition of the Rzeczpospolita [Polish Republic]. The trigger of these uprisings has remained unchanged \u2013 disrespect for a human.\u201d<\/span><\/p>\n<\/blockquote>\n\n\n<figure id=\"attachment_8112\" style=\"width: 410px\"  class=\"wp-caption alignright\"><img decoding=\"async\" class=\"wp-image-8112\" src=\"https:\/\/penbelarus.org\/wp-content\/uploads\/2021\/08\/5_alyaksej-strelnikau.jpg\" alt=\"\" width=\"410\" height=\"273\" \/ loading=\"lazy\" srcset=\"https:\/\/penbelarus.org\/wp-content\/uploads\/2021\/08\/5_alyaksej-strelnikau.jpg 2000w, https:\/\/penbelarus.org\/wp-content\/uploads\/2021\/08\/5_alyaksej-strelnikau-300x200.jpg 300w, https:\/\/penbelarus.org\/wp-content\/uploads\/2021\/08\/5_alyaksej-strelnikau-1024x682.jpg 1024w, https:\/\/penbelarus.org\/wp-content\/uploads\/2021\/08\/5_alyaksej-strelnikau-768x512.jpg 768w, https:\/\/penbelarus.org\/wp-content\/uploads\/2021\/08\/5_alyaksej-strelnikau-1536x1024.jpg 1536w\" sizes=\"auto, (max-width: 410px) 100vw, 410px\" \/><figcaption class=\"wp-caption-text\">Alaksiej Strelnika\u016d<\/figcaption><\/figure>\n<p style=\"text-align: justify\"><b>Alaksiej Strelnika\u016d<\/b><span style=\"font-weight: 400\"> [ Alexey Strelnikov], a theater critic and lecturer at the Academy of Arts, who joined the strike in the fall of 2020 and was fired,<\/span><\/p>\n<blockquote>\n<p style=\"text-align: justify\"><span style=\"font-weight: 400\">\u201cCensorship wants to turn theater into the art of trustworthy people: censors only need to make sure that this one doesn&#8217;t work, and this one is banned from performing. Getting around it is possible, and if you aren\u2019t on a blacklist and aren\u2019t spied on, in fact, you can afford certain freedoms. I think this illusion of freedom, as well as the inner feeling that you are doing something important, keeps many in theater. I say &#8220;illusion&#8221;, but that doesn\u2019t mean that I consider such freedom unimportant: the freedom of the human spirit is sometimes more important than the freedom to visit a coffee shop or travel to another country. That&#8217;s why people are so obsessed with theater and that&#8217;s why they may not support the current authorities, but stay in a state institution.&#8221;<\/span><\/p>\n<\/blockquote>\n<hr \/>\n<p style=\"text-align: center\"><span style=\"font-size: 18pt\"><b>International Solidarity<\/b><\/span><\/p>\n<p style=\"text-align: justify\"><b><img decoding=\"async\" class=\"wp-image-8113 alignleft\" src=\"https:\/\/penbelarus.org\/wp-content\/uploads\/2021\/08\/6_kimano.jpg\" alt=\"\" width=\"224\" height=\"280\" \/ loading=\"lazy\" srcset=\"https:\/\/penbelarus.org\/wp-content\/uploads\/2021\/08\/6_kimano.jpg 821w, https:\/\/penbelarus.org\/wp-content\/uploads\/2021\/08\/6_kimano-241x300.jpg 241w, https:\/\/penbelarus.org\/wp-content\/uploads\/2021\/08\/6_kimano-768x958.jpg 768w\" sizes=\"auto, (max-width: 224px) 100vw, 224px\" \/><\/b><span style=\"font-weight: 400\"><b>People\u2019s Embassies <\/b>around the world developed a <a href=\"https:\/\/www.textmus.com\/translit\/\" target=\"_blank\" rel=\"nofollow noindex noopener\">tool for transliteration<\/a> of Belarusian names into English, Spanish, Italian, German, Portuguese, Polish and French languages. <\/span><\/p>\n<p style=\"text-align: justify\"><span style=\"font-weight: 400\">A <\/span><b>Belarusian kimono<\/b><span style=\"font-weight: 400\"> with poems by one of the most prominent Belarusian poets and activists of the 20th century, <\/span><b>\u0141arysa Hieniju\u0161<\/b><span style=\"font-weight: 400\">, was created in Japan and presented during the Olympic Games.<\/span><\/p>\n<p style=\"text-align: justify\"><span style=\"font-weight: 400\">A wave of international <\/span><b>solidarity with the Belarusian PEN center and the civil society<\/b><span style=\"font-weight: 400\"> continues to cover Belarus. Every day we see new articles, statements and words of support addressed to organizations and individual civil and cultural figures, journalists. Each statement is different in its way but the message linking them all is \u201cWe stand in solidarity\u201d. We are sincerely grateful to our foreign partners for their support.<\/span><\/p>\n<figure id=\"attachment_8114\" style=\"width: 327px\"  class=\"wp-caption alignright\"><img decoding=\"async\" class=\"wp-image-8114 \" src=\"https:\/\/penbelarus.org\/wp-content\/uploads\/2021\/08\/6_vystava-u-manaka.png\" alt=\"\" width=\"327\" height=\"347\" \/ loading=\"lazy\" srcset=\"https:\/\/penbelarus.org\/wp-content\/uploads\/2021\/08\/6_vystava-u-manaka.png 591w, https:\/\/penbelarus.org\/wp-content\/uploads\/2021\/08\/6_vystava-u-manaka-283x300.png 283w\" sizes=\"auto, (max-width: 327px) 100vw, 327px\" \/><figcaption class=\"wp-caption-text\">\u201cBelarus: History Through Art\u201d<\/figcaption><\/figure>\n<ul>\n<li><a href=\"https:\/\/lithub.com\/the-belarus-government-has-moved-to-liquidate-pen-belarus\/\" target=\"_blank\" rel=\"nofollow noindex noopener\"><span style=\"font-weight: 400\">LITERARY HUB<\/span><\/a><span style=\"font-weight: 400\">\u00a0<\/span><\/li>\n<li><a href=\"https:\/\/litgazeta.com.ua\/news\/zaiava-sekretariatu-natsionalnoi-spilky-pysmennykiv-ukrainy-shchodo-nastupu-na-svobodu-tvorchosti-ta-inshi-hromadianski-svobody-v-bilorusi\/\" target=\"_blank\" rel=\"nofollow noindex noopener\"><span style=\"font-weight: 400\">\u041d\u0430\u0446\u0456\u043e\u043d\u0430\u043b\u044c\u043d\u0430 \u0441\u043f\u0456\u043b\u043a\u0430 \u043f\u0438\u0441\u044c\u043c\u0435\u043d\u043d\u0438\u043a\u0456\u0432 \u0423\u043a\u0440\u0430\u0457\u043d\u0438<\/span><\/a><span style=\"font-weight: 400\">\u00a0<\/span><\/li>\n<li><a href=\"https:\/\/www.delo.si\/kultura\/razno\/lukasenkov-rezim-bo-zaprl-beloruski-center-pen\/?fbclid=IwAR12HmSX9upyvmcKjV1fOHtdApoQsRrofatfeP2Tec9Z5g6udVSJo3R-cQc\" target=\"_blank\" rel=\"nofollow noindex noopener\"><span style=\"font-weight: 400\">Delo<\/span><\/a><span style=\"font-weight: 400\"> (Slovenian daily newspaper)\u00a0<\/span><\/li>\n<li><a href=\"http:\/\/www.traduttoristrade.it\/2021\/solidarieta-agli-autori-bielorussi\/?fbclid=IwAR0JQ9SJ1bQIxmLdPzRMuvsYDMlOEoGU8uixa1rOEeOWQkRVBaPFbHK7DUM\" target=\"_blank\" rel=\"nofollow noindex noopener\"><span style=\"font-weight: 400\">Sezione traduttori editoriali Strade in Slc-Cgil<\/span><\/a><span style=\"font-weight: 400\">\u00a0<\/span><\/li>\n<li><a href=\"https:\/\/www.ndr.de\/kultur\/buehne\/Belarus-Radikale-Saeuberungsaktion-gegen-Kulturschaffende,george322.html?fbclid=IwAR3ALJdV9P3zzdX8ooaOQHcBG2blFXBKBR9H0PFtXehaOUqM8v3UwBOddNs\" target=\"_blank\" rel=\"nofollow noindex noopener\"><span style=\"font-weight: 400\">NDR Kultur<\/span><\/a><\/li>\n<\/ul>\n<p style=\"text-align: justify\"><b>Kaciaryna Andrejeva <\/b><span style=\"font-weight: 400\">(Bachvalava) and <\/span><b>Darja \u010culcova<\/b><span style=\"font-weight: 400\"> have been awarded the Leipzig Prize for Media Freedom. Kaciaryna Andrejeva is a co-author of the book &#8220;Belarusian Donbass&#8221;.<\/span><\/p>\n<p style=\"text-align: justify\"><span style=\"font-weight: 400\">The concert of the <\/span><a href=\"https:\/\/www.youtube.com\/watch?v=WL7tZyuGEE8\" target=\"_blank\" rel=\"nofollow noindex noopener\"><b>Volny Chor<\/b><\/a><span style=\"font-weight: 400\"> in Warsaw, dedicated to Maria Kolesnikova, took place on July 29.<\/span><\/p>\n<p style=\"text-align: justify\"><span style=\"font-weight: 400\">The <\/span><a href=\"https:\/\/www.hellomonaco.com\/event\/the-exhibition-belarus-history-through-art\/\" target=\"_blank\" rel=\"nofollow noindex noopener\"><b>exhibition<\/b><\/a><b> \u201cBelarus: History Through Art\u201d <\/b><span style=\"font-weight: 400\">is held in Monaco from July 30 till August 9. <\/span><\/p>\n<hr \/>\n\n<p style=\"text-align: center\"><span style=\"font-size: 18pt\"><b>Political Prisoners\u2019 Birthdays<\/b><\/span><\/p>\n<p style=\"text-align: justify\"><span style=\"font-weight: 400\"><img decoding=\"async\" class=\"wp-image-8125 size-gallery-thumbnails-small alignleft\" src=\"https:\/\/penbelarus.org\/wp-content\/uploads\/2021\/08\/palitvyazni-agulnae_en-340x240.png\" alt=\"\" width=\"340\" height=\"240\" \/ loading=\"lazy\"><\/span><\/p>\n<p style=\"text-align: justify\"><span style=\"font-weight: 400\">In August, 8 people who have been somehow involved in the process of cultural development of our country, will celebrate their birthdays behind bars. They are <\/span><b>Ale\u015b Pu\u0161kin<\/b><span style=\"font-weight: 400\">, artist (August 6); <\/span><b>Siarhiej Cichano\u016dski<\/b><span style=\"font-weight: 400\">, blogger (August 18), <\/span><b>Anatol Chinievi\u010d<\/b><span style=\"font-weight: 400\">, programmer and bard (August 19), <\/span><b>Arciom Takar\u010duk<\/b><span style=\"font-weight: 400\">, architect (August 20), <\/span><b>Siarhiej Vo\u0142ka\u016d<\/b><span style=\"font-weight: 400\">, actor (August 21), <\/span><b>Mika\u0142aj Dziadok<\/b><span style=\"font-weight: 400\">, blogger and writer, public activist (August 23), <\/span><b>A\u0142a \u0160arko<\/b><span style=\"font-weight: 400\">, cultural manager, program director of Press Club Belarus (August 24) and <\/span><b>Ihnat Sidor\u010dyk<\/b><span style=\"font-weight: 400\">, director, actor and poet (August 25).\u00a0<\/span><\/p>\n<p style=\"text-align: justify\"><span style=\"font-weight: 400\">See the <\/span><a href=\"https:\/\/penbelarus.org\/en\/2021\/07\/31\/political-prisoners-birthdays.html\"><b>link<\/b><\/a><span style=\"font-weight: 400\"> for the addresses for postcards and letters.\u00a0<\/span><\/p>\n<hr \/>\n<p style=\"text-align: justify\"><strong><b>Stand with Belarusian Arts and Culture community. Donate to\u00a0<a href=\"https:\/\/gf.me\/u\/yw5uv2\" target=\"_blank\" rel=\"noopener noreferrer nofollow\">Save Our Songs campaign<\/a>.<\/b><\/strong><\/p>\n","protected":false},"excerpt":{"rendered":"<p><b>&#8220;ribbons<\/b><\/p>\n<p><b>on trunks and branches<\/b><\/p>\n<p><b>help to not go<\/b><\/p>\n<p><b>astray<\/b><\/p>\n<p><b>a little dress<\/b><\/p>\n<p><b>red in a white window<\/b><\/p>\n<p><b>not for the first month<\/b><\/p>\n<p><b>is drying<\/b><\/p>\n<p><b>helps<\/b><\/p>\n<p><b>on the way&#8221; D\u017amitry Stroca\u016d<\/b><\/p>\n<p>&nbsp;<\/p>\n","protected":false},"author":18,"featured_media":8131,"comment_status":"closed","ping_status":"closed","sticky":false,"template":"","format":"standard","meta":{"footnotes":""},"categories":[4255,1,4093],"tags":[4251],"class_list":["post-8097","post","type-post","status-publish","format-standard","has-post-thumbnail","hentry","category-cultural-right","category-news","category-creative-projects","tag-culture-resistance"],"_links":{"self":[{"href":"https:\/\/penbelarus.org\/en\/wp-json\/wp\/v2\/posts\/8097","targetHints":{"allow":["GET"]}}],"collection":[{"href":"https:\/\/penbelarus.org\/en\/wp-json\/wp\/v2\/posts"}],"about":[{"href":"https:\/\/penbelarus.org\/en\/wp-json\/wp\/v2\/types\/post"}],"author":[{"embeddable":true,"href":"https:\/\/penbelarus.org\/en\/wp-json\/wp\/v2\/users\/18"}],"replies":[{"embeddable":true,"href":"https:\/\/penbelarus.org\/en\/wp-json\/wp\/v2\/comments?post=8097"}],"version-history":[{"count":20,"href":"https:\/\/penbelarus.org\/en\/wp-json\/wp\/v2\/posts\/8097\/revisions"}],"predecessor-version":[{"id":8142,"href":"https:\/\/penbelarus.org\/en\/wp-json\/wp\/v2\/posts\/8097\/revisions\/8142"}],"wp:featuredmedia":[{"embeddable":true,"href":"https:\/\/penbelarus.org\/en\/wp-json\/wp\/v2\/media\/8131"}],"wp:attachment":[{"href":"https:\/\/penbelarus.org\/en\/wp-json\/wp\/v2\/media?parent=8097"}],"wp:term":[{"taxonomy":"category","embeddable":true,"href":"https:\/\/penbelarus.org\/en\/wp-json\/wp\/v2\/categories?post=8097"},{"taxonomy":"post_tag","embeddable":true,"href":"https:\/\/penbelarus.org\/en\/wp-json\/wp\/v2\/tags?post=8097"}],"curies":[{"name":"wp","href":"https:\/\/api.w.org\/{rel}","templated":true}]}}