{"id":7029,"date":"2021-05-11T08:58:08","date_gmt":"2021-05-11T08:58:08","guid":{"rendered":"https:\/\/penbelarus.org\/?p=7029"},"modified":"2021-08-04T11:49:09","modified_gmt":"2021-08-04T11:49:09","slug":"sud-budze-dougim-i-nudnym-peradachy-ne-peradavajcze-31-y-vypusk-dajdzhesta-pra-belaruskuyu-kulturu-padchas-gramadska-palitychnaga-kryzisu","status":"publish","type":"post","link":"https:\/\/penbelarus.org\/en\/2021\/05\/11\/sud-budze-dougim-i-nudnym-peradachy-ne-peradavajcze-31-y-vypusk-dajdzhesta-pra-belaruskuyu-kulturu-padchas-gramadska-palitychnaga-kryzisu.html","title":{"rendered":"\u201cThe Trial Will Be Slow and Dull. No Need to Send Me Care Packages.\u201d Issue 31 of Digest about Belarusian Culture during Socio-political Crisis"},"content":{"rendered":"<hr \/>\n<p style=\"text-align: center\"><a href=\"https:\/\/penbelarus.org\/wp-content\/uploads\/2021\/05\/cult_31_en.pdf\" class=\"count\" target=\"_blank\" rel=\"noopener \"><span style=\"font-size: 14pt\"><strong>Download the pdf-version of issue 31 of Cultural Resistance Monitoring<\/strong><\/span><\/a><\/p>\n<hr \/>\n<p style=\"text-align: center\"><span style=\"font-size: 18pt\"><b>Persecution, Convictions, Cultural Policy<\/b><\/span><\/p>\n<figure id=\"attachment_7031\" style=\"width: 340px\"  class=\"wp-caption alignleft\"><img decoding=\"async\" class=\"wp-image-7031 size-gallery-thumbnails-small\" src=\"https:\/\/penbelarus.org\/wp-content\/uploads\/2021\/05\/1_mikalaj-dzyadok-340x240.jpg\" alt=\"\" width=\"340\" height=\"240\" \/ loading=\"lazy\"><figcaption class=\"wp-caption-text\">Miko\u0142a Dziadok, photo by tut.by<\/figcaption><\/figure>\n<p style=\"text-align: justify\"><b>Miko\u0142a Dziadok <span style=\"font-weight: 400\">[Mikola Dziadok], an activist and blogger, had his file <a href=\"https:\/\/belsat.eu\/en\/news\/06-05-2021-political-prisoner-dzyadok-s-case-taken-to-prosecutor-s-office\/\" target=\"_blank\" rel=\"noopener nofollow\">sent<\/a> to the prosecutor&#8217;s office,<\/span><span style=\"font-weight: 400\">\u00a0he is charged under three articles of the Criminal Code: illegal actions with explosive substances; organization and preparation of actions that grossly violate public order; calls for action aimed at harming the national security of Belarus via the Internet.<\/span><\/b><\/p>\n<p style=\"text-align: justify\"><span style=\"font-weight: 400\">Another <\/span><b>14 people were convicted<\/b><span style=\"font-weight: 400\"> in Brest<\/span><b> in the &#8220;Karahod case&#8221;<\/b><span style=\"font-weight: 400\">. For &#8220;active participation in group actions that grossly violate public order&#8221; they were sentenced to terms from 1.5 years of\u00a0 house arrest to 1 year of colony.<\/span><\/p>\n<p style=\"text-align: justify\"><span style=\"font-weight: 400\"><img decoding=\"async\" class=\"size-gallery-thumbnails-small wp-image-7032 alignright\" src=\"https:\/\/penbelarus.org\/wp-content\/uploads\/2021\/05\/1_u-brescze-340x240.jpg\" alt=\"\" width=\"340\" height=\"240\" \/ loading=\"lazy\"><\/span><span style=\"font-weight: 400\">This year on <b>May 9<\/b> at the state level not only Victory Day will be celebrated but also the Day of the state flag and coat of arms. <b>In Bres<\/b>t, the authorities plan a mass event on this day, forcing schoolchildren and teachers to come to visit it, using pressure and threats. \u00a0<\/span><\/p>\n<p style=\"text-align: justify\"><b>In Babrujsk<\/b><span style=\"font-weight: 400\"> on May 9 schoolchildren are forced to build a<\/span><b> living corridor<\/b><span style=\"font-weight: 400\">, they are required to have red and green balloons with them.<\/span><\/p>\n<p style=\"text-align: justify\"><b>In Homel,<\/b><span style=\"font-weight: 400\"> schoolchildren and parents are obliged to attend the Victory Day celebrations and carry red and green flags or balloons.<\/span><\/p>\n<p style=\"text-align: justify\"><span style=\"font-weight: 400\">Before May 9, <\/span><b>burning of the village<\/b><span style=\"font-weight: 400\"> of \u0160unio\u016dka by the Nazis during the Second World War was <\/span><b>staged<\/b><span style=\"font-weight: 400\">, initiated by the official authorities.<\/span><\/p>\n<p style=\"text-align: justify\"><span style=\"font-weight: 400\">It should be noted that this year, before the celebration of Victory Day, the authorities plan a number of controversial events for which a large budget is spent, such as launching 4,000 red and green balloons. At the same time, all single-time payments to veterans had been canceled until the decision was changed under pressure from public.<\/span><\/p>\n<figure id=\"attachment_7034\" style=\"width: 340px\"  class=\"wp-caption alignleft\"><img decoding=\"async\" class=\"wp-image-7034 size-gallery-thumbnails-small\" src=\"https:\/\/penbelarus.org\/wp-content\/uploads\/2021\/05\/a96suf-jxww-340x240.jpg\" alt=\"\" width=\"340\" height=\"240\" \/ loading=\"lazy\"><figcaption class=\"wp-caption-text\">Julia \u0160abanava<\/figcaption><\/figure>\n<p style=\"text-align: justify\"><span style=\"font-weight: 400\">The Do\u016dnar [Dounar] family, designers of the <a href=\"https:\/\/www.instagram.com\/honaradziennie\" target=\"_blank\" rel=\"noopener nofollow\"><b>Honar clothing brand<\/b><\/a>\u00a0(which often uses Belarusian ornaments and other symbols traditional for Belarusian culture in their designs), had an inspection that wants to check the brand&#8217;s clothing for compliance with state standards. It\u2019s not yet clear what it means. <\/span><\/p>\n<p style=\"text-align: justify\"><b>Julia \u0160abanava<\/b><span style=\"font-weight: 400\"> [Yulia Shabanava], a musician, on May 6 was fined 50 basic units [EUR 471] for singing the song \u201cMury\u201d (it became one of the most widely sung protest songs in Belarus) together with musicians <\/span><b>Lizavieta Pakietava<\/b><span style=\"font-weight: 400\"> and <\/span><b>Alaksiej \u017dura\u016dlevi\u010d<\/b><span style=\"font-weight: 400\"> [Aliaksei Zhuraulevich] on April 22 in the underground crossing on Lenina Street in Minsk. The court considered it a picket. Lizaveta received 11 days of administrative arrest, Alaksej \u2013 25.<\/span><\/p>\n<figure id=\"attachment_7033\" style=\"width: 340px\"  class=\"wp-caption alignright\"><img decoding=\"async\" class=\"wp-image-7033 size-gallery-thumbnails-small\" src=\"https:\/\/penbelarus.org\/wp-content\/uploads\/2021\/05\/4_mikola-papeka-340x240.jpg\" alt=\"\" width=\"340\" height=\"240\" \/ loading=\"lazy\"><figcaption class=\"wp-caption-text\">Miko\u0142a Papieka, photo by racyja.com<\/figcaption><\/figure>\n<p style=\"text-align: justify\"><b>Persecution of the Union of Poles members<\/b><span style=\"font-weight: 400\"> in Belarus and members of the Polish national minority continues. Five people remain behind bars: the chairman of the Union of Poles <\/span><b>An\u017ealika Borys <\/b><span style=\"font-weight: 400\">[Anzhalika Borys], journalist and Polish activist <\/span><b>Andrzej Poczobut<\/b><span style=\"font-weight: 400\"> from Hrodna, <\/span><b>Irena Biernackaja<\/b><span style=\"font-weight: 400\"> [Bernatskaya] from Lida, Maryja Ci\u0161ko\u016dskaja [Maria Tishkouskaya] from Va\u016dkavysk and <\/span><b>Hanna Pani\u0161ava<\/b><span style=\"font-weight: 400\"> [Panishava] from Brest. The Investigative Committee of Belarus has been summoning activists of the Hrodna and Brest regional branches of the Union of Poles for interrogation. <\/span><b>Andrej Fra\u0142o\u016d<\/b><span style=\"font-weight: 400\"> [Andrei Fralou], a cameraman working for TV Polonia on Nad Niemnem program, was detained on May 4 and punished by 15 days of administrative arrest as well as a fine of\u00a0 30 basic units [EUR 230].<\/span><\/p>\n<p style=\"text-align: justify\"><b>Miko\u0142a Papieka<\/b><span style=\"font-weight: 400\"> [Mikola Papeka], a poet, suspect in the &#8220;Karahod case&#8221;, was denied the right to examine the case materials in Belarusian, which is a violation of the law.<\/span><\/p>\n<hr \/>\n<p style=\"text-align: center\"><span style=\"font-size: 18pt\"><b>Symbols<\/b><\/span><\/p>\n<p style=\"text-align: justify\"><b>Natalla \u0160epiel<\/b><span style=\"font-weight: 400\"> [Shepel] and <\/span><b>Alaksandr Furs<\/b><span style=\"font-weight: 400\"> became defendants in a criminal case for putting stickers and painting walls of public buildings in white and red.<\/span><\/p>\n<p style=\"text-align: justify\"><span style=\"font-weight: 400\">People continue being punished with fines and administrative arrests for any items of white-red-white colors.<\/span><\/p>\n<p style=\"text-align: justify\"><span style=\"font-weight: 400\">At first, a <\/span><b>red and green flag <\/b><span style=\"font-weight: 400\">was painted on the white and red smokestack of the Brest cogeneration plant, and now the flag became illuminated.<\/span><\/p>\n      <div class=\"fotorama\" data-width=\"100%\" data-ratio=\"810\/540\" data-nav=\"thumbs\" data-thumbwidth=\"100\" data-thumbheight=\"60\" data-allowfullscreen=\"native\">\r\n          <img decoding=\"async\" src=\"https:\/\/penbelarus.org\/wp-content\/uploads\/2021\/05\/2_truba-czecz.jpg\" data-full=\"https:\/\/penbelarus.org\/wp-content\/uploads\/2021\/05\/2_truba-czecz.jpg\" data-caption=\"\" alt=\"\">\r\n          <img decoding=\"async\" src=\"https:\/\/penbelarus.org\/wp-content\/uploads\/2021\/05\/2_rechy-bchb.jpg\" data-full=\"https:\/\/penbelarus.org\/wp-content\/uploads\/2021\/05\/2_rechy-bchb.jpg\" data-caption=\"\" alt=\"\">\r\n      <\/div>\r\n\n<p style=\"text-align: justify\"><b>In Or\u0161a<\/b><span style=\"font-weight: 400\">, students of several schools were given the task to decorate windows of their homes with the colors of official symbols or take pictures against the background of a red and green wall in clothes of the same colors and bring a photo to school.\u00a0<\/span><\/p>\n<p style=\"text-align: justify\"><span style=\"font-weight: 400\"><b>Natalla Slapcova<\/b> [Natallia Sliaptsova] was charged with six episodes of picketing and sentenced to 10 days of administrative arrest. She drew red hearts in the elevator and highlighted &#8220;Long live Belarus&#8221; using red marker. <\/span><\/p>\n<p style=\"text-align: justify\"><span style=\"font-weight: 400\">The court of Vicebsk sentenced <b>Maryja Amasovi\u010d<\/b> [Maria Amasovich] to 20 days of administrative arrest, <b>Lizavieta Kiryjenka<\/b> [Lizaveta Kiryienka] to 15 days, and <b>Maryja Ahijevi\u010d<\/b> [Maria Ahievich] to 10 days for a photo with a poster and a white-red-white flag, which they took on April 27 in Vicebsk. <\/span><\/p>\n<p style=\"text-align: justify\"><b>U\u0142adzimir Pa\u0142ujan <\/b><span style=\"font-weight: 400\">[Uladzimir Paluyan] was detained in Minsk on May 6 by representatives of the Department for Combating Economic Crimes for eight white-orange-white snowflakes in his window, and on May 7 he was sentenced to 10 days of administrative arrest.<\/span><\/p>\n<p style=\"text-align: justify\"><span style=\"font-weight: 400\">A war-themed concert was held at the <\/span><b>Babrujsk Theater<\/b><span style=\"font-weight: 400\"> on May 8. Elena Lanskaja, a singer who openly supports the Lukashenka\u2019s regime, played a leading role in it. People who wanted to leave the concert earlier weren\u2019t allowed to, they were literally locked in.<\/span><\/p>\n<p><span style=\"font-weight: 400\">Hanna Apanovi\u010d [Apanovich] was detained in Minsk on May 8 when she came to lay a rose with white-red-white ribbons at the memorial to Raman Bandarenka on Peremen Square.<\/span><\/p>\n<hr \/>\n<p style=\"text-align: center\"><span style=\"font-size: 18pt\"><b>Life of People Behind Bars<\/b><\/span><\/p>\n<p style=\"text-align: justify\"><span style=\"font-weight: 400\"><img decoding=\"async\" class=\"size-gallery-thumbnails-small wp-image-7037 alignleft\" src=\"https:\/\/penbelarus.org\/wp-content\/uploads\/2021\/05\/3_instagram-anastasii-mironczavaj-340x240.jpg\" alt=\"\" width=\"340\" height=\"240\" \/ loading=\"lazy\">Friends of <b>Anastasija Mironcava<\/b> [Anastasia Mirontsava], a political prisoner sentenced to two years in prison, created her <a href=\"https:\/\/www.instagram.com\/stasia.maliuje\" target=\"_blank\" rel=\"noopener nofollow\">page<\/a> on Instagram. In one of the &#8220;posts&#8221; she writes:<br \/>\n<\/span><\/p>\n<blockquote>\n<p style=\"text-align: justify\"><span style=\"font-weight: 400\">\u201cHere I understood and realized how little I appreciated life and simple things, such as fresh air, clean water (here it\u2019s disgusting! It makes my eyebrows itch, and it\u2019s simply impossible to drink!), being able to go anywhere anytime\u2026 \u201d<\/span><\/p>\n<\/blockquote>\n<figure id=\"attachment_7038\" style=\"width: 340px\"  class=\"wp-caption alignright\"><img decoding=\"async\" class=\"wp-image-7038 size-gallery-thumbnails-small\" src=\"https:\/\/penbelarus.org\/wp-content\/uploads\/2021\/05\/3_ales-pushkin-340x240.png\" alt=\"\" width=\"340\" height=\"240\" \/ loading=\"lazy\"><figcaption class=\"wp-caption-text\">Ale\u015b Pu\u0161kin, photo by svaboda.org<\/figcaption><\/figure>\n<p style=\"text-align: justify\"><b>Ale\u015b Pu\u0161kin<\/b><span style=\"font-weight: 400\"> [Ales Pushkin] through his lawyer asked not to send him care packages to the pre-trial prison, as the trial will take place not earlier than in five months, and the money is needed to support his family, especially children.<\/span><\/p>\n<p style=\"text-align: justify\"><span style=\"font-weight: 400\">Aleh Karaban, who was inmates with <\/span><b>Maksim Znak<\/b><span style=\"font-weight: 400\">, told that Maksim helps many prisoners in writing various petitions for their cases, explains important legal nuances, etc. and he keeps his spirits up.<\/span><\/p>\n<hr \/>\n<p style=\"text-align: center\"><span style=\"font-size: 18pt\"><b>Dissent and Cultural Activism <\/b><\/span><\/p>\n<p style=\"text-align: justify\"><span style=\"font-weight: 400\"><b>Miko\u0142a Papieka<\/b> [Mikola Papeka], a poet on trial in Brest, insists that the criminal case be conducted in Belarusian and that his professional activity be marked as a poet, not as unemployed. <\/span><\/p>\n<p style=\"text-align: justify\"><span style=\"font-weight: 400\"><b>Natalla Zadziarko\u016dskaja<\/b> [Natalia Zadziarkouskaya], a former employee of the Ministry of Culture who participated in drafting of the Code of Culture and other legal acts in the cultural sphere, replaced Marharyta La\u016d\u010duk [Marharyta Liauchuk], an opera singer, as a person in charge of culture at the National Anti-Crisis Management of Belarus. <\/span><\/p>\n<p style=\"text-align: justify\"><b><a href=\"https:\/\/www.instagram.com\/p\/COV41Inn8hJ\/?igshid=a3b9g41y4yzj\" target=\"_blank\" rel=\"noopener nofollow\">NikaEmerald<\/a>\u00a0<\/b><\/p>\n<p style=\"text-align: justify\"><a href=\"https:\/\/www.instagram.com\/p\/COa1QG8nyTV\/\" target=\"_blank\" rel=\"noopener nofollow\"><b>G e r a M o r e<\/b><\/a><\/p>\n<p style=\"text-align: justify\"><b><a href=\"https:\/\/www.facebook.com\/aleshastupin\/posts\/313719936778141\" target=\"_blank\" rel=\"noopener nofollow\">Alesha Stupin<\/a>\u00a0<\/b><\/p>\n      <div class=\"fotorama\" data-width=\"100%\" data-ratio=\"810\/540\" data-nav=\"thumbs\" data-thumbwidth=\"100\" data-thumbheight=\"60\" data-allowfullscreen=\"native\">\r\n          <img decoding=\"async\" src=\"https:\/\/penbelarus.org\/wp-content\/uploads\/2021\/05\/4_alesha-stupin-e1620637767300.jpg\" data-full=\"https:\/\/penbelarus.org\/wp-content\/uploads\/2021\/05\/4_alesha-stupin-e1620637767300.jpg\" data-caption=\"Alesha Stupin\u00a0\" alt=\"\">\r\n          <img decoding=\"async\" src=\"https:\/\/penbelarus.org\/wp-content\/uploads\/2021\/05\/4_nikaemerald.jpg\" data-full=\"https:\/\/penbelarus.org\/wp-content\/uploads\/2021\/05\/4_nikaemerald.jpg\" data-caption=\"NikaEmerald\u00a0\" alt=\"\">\r\n      <\/div>\r\n\n<p style=\"text-align: justify\"><b><img decoding=\"async\" class=\"size-gallery-thumbnails-small wp-image-7041 alignleft\" src=\"https:\/\/penbelarus.org\/wp-content\/uploads\/2021\/05\/4_iranskaya-kanferenczyya-340x240.jpg\" alt=\"\" width=\"340\" height=\"240\" \/ loading=\"lazy\">The show Iranian Conference<span style=\"font-weight: 400\"> was <a href=\"https:\/\/youtu.be\/coaMBotdeZs\" target=\"_blank\" rel=\"noopener nofollow\">premiered<\/a> by Kupa\u0142a\u016dcy on May 6.<\/span><br \/>\n<\/b><\/p>\n<p style=\"text-align: justify\"><span style=\"font-weight: 400\"><b>Dee Tree<\/b> band <a href=\"https:\/\/album.link\/ZnMCSnc50xdbz\" target=\"_blank\" rel=\"noopener nofollow\">presented<\/a> their new album The Whole Autumn, dedicated to Belarusians who &#8220;dared, those who overcame indifference and fear, those who got to know each other last summer and autumn.&#8221;\u00a0<\/span><\/p>\n<p style=\"text-align: justify\"><span style=\"font-weight: 400\">In support of the Belarusian cultural community and the project \u201cFairy Tales with Malyavanych\u201d, an artist <\/span><b>Volha Jakubo\u016dskaja<\/b><span style=\"font-weight: 400\"> [Olga Yakubovskaya] donated her painting with the symbol of 2021 year and well-known kittens for the <\/span><a href=\"https:\/\/www.charityauctionstoday.com\/auctions\/kocikimalyavanycha-23650\/items\/thenewyearisonitswaypaperacrylic-352474\" target=\"_blank\" rel=\"noopener nofollow\"><b>charity auction<\/b><\/a><span style=\"font-weight: 400\">.\u00a0<\/span><\/p>\n<p style=\"text-align: justify\"><span style=\"font-weight: 400\">A mural with DJs of Change was restored on the legendary <\/span><b>Peramien Square<\/b><span style=\"font-weight: 400\"> in Minsk on May 7! It had been painted over many times, and initially it was designed by Raman Bandarenka\u2026<\/span><\/p>\n<p style=\"text-align: justify\"><span style=\"font-weight: 400\">Victory Artists:<\/span><b> Piotr Klujeu<\/b><span style=\"font-weight: 400\">\u2019s LIVE is in support of Belarusian-language theatre project for kids, which is going to perform in Belarusian small towns.\u00a0<\/span><span style=\"font-weight: 400\">Watch and donate <a href=\"https:\/\/youtu.be\/nkzD1mhiK3g\" target=\"_blank\" rel=\"noopener nofollow\">here<\/a>.<\/span><\/p>\n<hr \/>\n<p style=\"text-align: center\"><span style=\"font-size: 18pt\"><b>Voices of Belarusian Culture<\/b><\/span><\/p>\n<figure id=\"attachment_7043\" style=\"width: 340px\"  class=\"wp-caption alignleft\"><img decoding=\"async\" class=\"wp-image-7043 size-gallery-thumbnails-small\" src=\"https:\/\/penbelarus.org\/wp-content\/uploads\/2021\/05\/5_natallya-zadzyarkouskaya-340x240.jpg\" alt=\"\" width=\"340\" height=\"240\" \/ loading=\"lazy\"><figcaption class=\"wp-caption-text\">Natalla Zadziarko\u016dskaja<\/figcaption><\/figure>\n<p style=\"text-align: justify\"><span style=\"font-weight: 400\"><b>Natalla Zadziarko\u016dskaja<\/b> [Natallia Zadziarkouskaya]: <\/span><\/p>\n<blockquote>\n<p style=\"text-align: justify\"><span style=\"font-weight: 400\">&#8220;Many people quit their jobs at the Ministry of Culture because they could not work with him [Minister Markevich] for various reasons. For him, human resources, experience, professionalism, in my opinion, mean little. For him, the main thing is the purity of the ranks, ideological in the first place&#8221;.<\/span><\/p>\n<\/blockquote>\n<p style=\"text-align: justify\"><span style=\"font-weight: 400\"><b>Pavie\u0142 Haradnicki<\/b> [Pavel Haradnitsky], leader of the band Ra\u017abitaje Serca Pacana and actor of Belarus Free Theater, who left for Kyiv after serving 15 days of administrative arrest and having no opportunities to perform in Belarus:<\/span><\/p>\n<figure id=\"attachment_7044\" style=\"width: 340px\"  class=\"wp-caption alignright\"><img decoding=\"async\" class=\"wp-image-7044 size-gallery-thumbnails-small\" src=\"https:\/\/penbelarus.org\/wp-content\/uploads\/2021\/05\/5_pavel-garadniczki-340x240.jpg\" alt=\"\" width=\"340\" height=\"240\" \/ loading=\"lazy\"><figcaption class=\"wp-caption-text\">Pavie\u0142 Haradnicki<\/figcaption><\/figure>\n<blockquote>\n<p style=\"text-align: justify\"><span style=\"font-weight: 400\">\u201cAs long as you are in Minsk, tinned in your creative space, you are known only in Belarus. And moving to another place for some time is good to get to know others, show them your music. This is a great opportunity for our music, theater and film markets. They used to be on their own, but now they have outlets in Vilnius, Warsaw, Kiev, Moscow, St. Petersburg and so on. Artists establish cultural ties, leave our underground party for wider areas. And then, when we win, we can simply return to Belarus, and these ties will remain\u201d.<\/span><b><\/b><\/p>\n<\/blockquote>\n<p style=\"text-align: justify\"><b>Svetlana Alexievich<\/b><span style=\"font-weight: 400\">:<\/span><\/p>\n<figure id=\"attachment_7045\" style=\"width: 340px\"  class=\"wp-caption alignleft\"><img decoding=\"async\" class=\"wp-image-7045 size-gallery-thumbnails-small\" src=\"https:\/\/penbelarus.org\/wp-content\/uploads\/2021\/05\/5_svyatlana-aleksievich-340x240.jpg\" alt=\"\" width=\"340\" height=\"240\" \/ loading=\"lazy\"><figcaption class=\"wp-caption-text\">Svetlana Alexievich<\/figcaption><\/figure>\n<blockquote>\n<p style=\"text-align: justify\"><span style=\"font-weight: 400\">\u201cWhen writing the book Second-Hand Time, I saw how many people still linked their hopes with socialism, who didn\u2019t accept capitalism. Even 10 years ago, when I wrote that final book of my series, it seemed to me that my encyclopedia of the Red (Wo)man was complete, that different times were coming and the Red (Wo)man would change. It doesn&#8217;t seem that way to me now. After what I saw and experienced in Belarus, I can&#8217;t say that we said goodbye to communism, that Red (Wo)man has changed. The communist idea is still alive. I continue adding to my encyclopedia\u201d.\u00a0<\/span><\/p>\n<\/blockquote>\n<hr \/>\n<p style=\"text-align: center\"><span style=\"font-size: 18pt\"><b>International Solidarity<\/b><\/span><\/p>\n<p style=\"text-align: justify\"><b><img decoding=\"async\" class=\"size-full wp-image-7046 alignleft\" src=\"https:\/\/penbelarus.org\/wp-content\/uploads\/2021\/05\/6_prn-international.png\" alt=\"\" width=\"314\" height=\"160\" \/ loading=\"lazy\" srcset=\"https:\/\/penbelarus.org\/wp-content\/uploads\/2021\/05\/6_prn-international.png 314w, https:\/\/penbelarus.org\/wp-content\/uploads\/2021\/05\/6_prn-international-300x153.png 300w\" sizes=\"auto, (max-width: 314px) 100vw, 314px\" \/><\/b><span style=\"font-weight: 400\"><b>PEN International <\/b><a href=\"https:\/\/pen-international.org\/news\/belarus-concerns-detention-aliaksandr-fiaduta\" target=\"_blank\" rel=\"noopener nofollow\">expresses<\/a> concerns over the detention of <b>Aliaksandr Fiaduta<\/b>, Belarusian PEN Centre member.\u00a0<\/span><\/p>\n<p style=\"text-align: justify\"><b>Andrzej Duda<\/b><span style=\"font-weight: 400\">, the President of Poland Wrote a <a href=\"https:\/\/charter97.org\/en\/news\/2021\/5\/3\/420893\/\" target=\"_blank\" rel=\"noopener nofollow\">Letter<\/a> to the Poles Imprisoned in Belarus.<\/span><span style=\"font-weight: 400\">\u00a0He stressed that the position of the persecuted activists is &#8220;evidence of the unity of the Poles and Belarusians that creates a sovereign Belarus,&#8221; and the Poles living in Belarus &#8220;are an integral part of the Belarusian society, and they are full citizens of Belarus.&#8221;<\/span><\/p>\n<p style=\"text-align: justify\"><span style=\"font-weight: 400\"><img decoding=\"async\" class=\"size-full wp-image-7047 alignright\" src=\"https:\/\/penbelarus.org\/wp-content\/uploads\/2021\/05\/6_free-theatre.jpg\" alt=\"\" width=\"300\" height=\"168\" \/ loading=\"lazy\"><\/span><span style=\"font-weight: 400\">Writers, scientists and journalists around the world <a href=\"https:\/\/www.dw.com\/ru\/rezhim-doshel-do-polnogo-ozvereniya-filologi-v-zashchitu-feduty\/a-57420101\" target=\"_blank\" rel=\"noopener nofollow\">demand<\/a> the release of <b>Alaksandr Fiaduta<\/b>.<\/span><\/p>\n<p style=\"text-align: justify\"><b>Vice News <\/b><span style=\"font-weight: 400\">made a <a href=\"https:\/\/www.youtube.com\/watch?app=desktop&amp;v=63k10UNNY-c&amp;feature=youtu.be\" target=\"_blank\" rel=\"noopener nofollow\">video<\/a> interview story with Natalia Kaliada and Nikolai Khalezin who run the Belarus Free Theatre in Minsk, Belarus, which puts on dissident productions critical of the regime of Alexander Lukashenko \u2013 referred to by many as the last dictator in Europe.\u00a0<\/span><\/p>\n<p style=\"text-align: justify\"><span style=\"font-weight: 400\">Polish directors Tomasz Khatinski and Milos Haslowski made the <\/span><b>film <a href=\"https:\/\/www.youtube.com\/watch?v=mIuio-k8v_0&amp;feature=emb_title\" target=\"_blank\" rel=\"noopener nofollow\">Uchodi<\/a><\/b><span style=\"font-weight: 400\"> (Leave!)<\/span><span style=\"font-weight: 400\">\u00a0about Belarusians who had to flee persecution to Poland after the election. The film also tells about the Belarusian diaspora in Szczecin, which has actively supported compatriots and organized joint political rallies in Poland.<\/span><\/p>\n<hr \/>\n<p style=\"text-align: center\"><span style=\"font-size: 18pt\"><b>Report on Violations of Cultural Rights<\/b><\/span><\/p>\n<p style=\"text-align: justify\"><b>PEN Belarus <\/b><span style=\"font-weight: 400\">has prepared a <a href=\"https:\/\/penbelarus.org\/en\/2021\/05\/06\/bel-ru-manitoryng-parushennyau-pravou-chalaveka-u-sfery-kultury-na-pachatak-2021.html\" target=\"_blank\" rel=\"noopener \">report<\/a> based on the monitoring of <\/span><b>violations of human and cultural rights<\/b><span style=\"font-weight: 400\"> for January-March 2020. 291 cases is nearly half of the number of cases counted in 2020. See the link for the complete report.\u00a0<\/span><\/p>\n<hr \/>\n<p style=\"text-align: center\"><span style=\"font-size: 18pt\"><b>Political Prisoners\u2019 Birthdays<\/b><\/span><\/p>\n<p style=\"text-align: justify\"><span style=\"font-weight: 400\"><img decoding=\"async\" class=\"wp-image-6881 alignleft\" src=\"https:\/\/penbelarus.org\/wp-content\/uploads\/2021\/05\/photo_2021-05-04-10.28.57.jpeg\" alt=\"\" width=\"283\" height=\"283\" \/ loading=\"lazy\" srcset=\"https:\/\/penbelarus.org\/wp-content\/uploads\/2021\/05\/photo_2021-05-04-10.28.57.jpeg 1080w, https:\/\/penbelarus.org\/wp-content\/uploads\/2021\/05\/photo_2021-05-04-10.28.57-300x300.jpeg 300w, https:\/\/penbelarus.org\/wp-content\/uploads\/2021\/05\/photo_2021-05-04-10.28.57-1024x1024.jpeg 1024w, https:\/\/penbelarus.org\/wp-content\/uploads\/2021\/05\/photo_2021-05-04-10.28.57-150x150.jpeg 150w, https:\/\/penbelarus.org\/wp-content\/uploads\/2021\/05\/photo_2021-05-04-10.28.57-768x768.jpeg 768w\" sizes=\"auto, (max-width: 283px) 100vw, 283px\" \/><\/span><\/p>\n\n<p style=\"text-align: justify\"><span style=\"font-weight: 400\">In May, three people who are somehow involved in the process of cultural development\u00a0<\/span><span style=\"font-weight: 400\">in our country will celebrate their birthdays behind bars.<\/span><\/p>\n<p style=\"text-align: justify\"><span style=\"font-weight: 400\">They are designer and architect<\/span><b> Ra\u015bcis\u0142a\u016d Stefanovi\u010d<\/b><span style=\"font-weight: 400\"> [Rastislau Stefanovich] (May 12), blogger <\/span><b>Pavie\u0142 Spiryn<\/b><span style=\"font-weight: 400\"> [Paviel Spiryn] (May 20), student and artist <\/span><b>Kasia Bud\u017ako<\/b><span style=\"font-weight: 400\"> [Kasia Budzko] (May 25).<\/span><\/p>\n<p style=\"text-align: justify\"><span style=\"font-weight: 400\">Address for letters: \u0421\u0406\u0417\u0410-1. 220030, \u0433. \u041c\u0456\u043d\u0441\u043a, \u0432\u0443\u043b. \u0412\u0430\u043b\u0430\u0434\u0430\u0440\u0441\u043a\u0430\u0433\u0430, 2<\/span><\/p>\n<hr \/>\n<p style=\"text-align: justify\"><strong><b>Stand with Belarusian Arts and Culture community. Donate to\u00a0<a href=\"https:\/\/gf.me\/u\/yw5uv2\" target=\"_blank\" rel=\"noopener noreferrer nofollow\">Save Our Songs campaign<\/a>.<\/b><\/strong><\/p>\n","protected":false},"excerpt":{"rendered":"<p><b>&#8220;The history of war was replaced by the history of victory,&#8221; this quote from the book The Unwomanly Face of War: An Oral History of Women in World War II\u201d by Svetlana Alexievich very aptly describes the ideological reality in which we\u2019ve been existing for decades. The staged burning of a village, four thousand red and green balloons, veterans who are forced to attend the parade, but stripped of the single-time payments before Victory Day\u2026 We are waiting for a real victory day \u2013 it will be the victory of light and love.<\/b><\/p>\n","protected":false},"author":18,"featured_media":7062,"comment_status":"closed","ping_status":"closed","sticky":false,"template":"","format":"standard","meta":{"footnotes":""},"categories":[4255,1,4093],"tags":[4251],"class_list":["post-7029","post","type-post","status-publish","format-standard","has-post-thumbnail","hentry","category-cultural-right","category-news","category-creative-projects","tag-culture-resistance"],"_links":{"self":[{"href":"https:\/\/penbelarus.org\/en\/wp-json\/wp\/v2\/posts\/7029","targetHints":{"allow":["GET"]}}],"collection":[{"href":"https:\/\/penbelarus.org\/en\/wp-json\/wp\/v2\/posts"}],"about":[{"href":"https:\/\/penbelarus.org\/en\/wp-json\/wp\/v2\/types\/post"}],"author":[{"embeddable":true,"href":"https:\/\/penbelarus.org\/en\/wp-json\/wp\/v2\/users\/18"}],"replies":[{"embeddable":true,"href":"https:\/\/penbelarus.org\/en\/wp-json\/wp\/v2\/comments?post=7029"}],"version-history":[{"count":24,"href":"https:\/\/penbelarus.org\/en\/wp-json\/wp\/v2\/posts\/7029\/revisions"}],"predecessor-version":[{"id":8152,"href":"https:\/\/penbelarus.org\/en\/wp-json\/wp\/v2\/posts\/7029\/revisions\/8152"}],"wp:featuredmedia":[{"embeddable":true,"href":"https:\/\/penbelarus.org\/en\/wp-json\/wp\/v2\/media\/7062"}],"wp:attachment":[{"href":"https:\/\/penbelarus.org\/en\/wp-json\/wp\/v2\/media?parent=7029"}],"wp:term":[{"taxonomy":"category","embeddable":true,"href":"https:\/\/penbelarus.org\/en\/wp-json\/wp\/v2\/categories?post=7029"},{"taxonomy":"post_tag","embeddable":true,"href":"https:\/\/penbelarus.org\/en\/wp-json\/wp\/v2\/tags?post=7029"}],"curies":[{"name":"wp","href":"https:\/\/api.w.org\/{rel}","templated":true}]}}