{"id":23836,"date":"2026-09-01T14:34:05","date_gmt":"2026-09-01T14:34:05","guid":{"rendered":"https:\/\/penbelarus.org\/?p=23836"},"modified":"2026-09-04T12:18:29","modified_gmt":"2026-09-04T12:18:29","slug":"hronika-parushennyau-pravou-chalaveka-u-sfery-kultury-15-31-zhniunya-2026-goda","status":"publish","type":"post","link":"https:\/\/penbelarus.org\/en\/2026\/09\/01\/hronika-parushennyau-pravou-chalaveka-u-sfery-kultury-15-31-zhniunya-2026-goda.html","title":{"rendered":"Chronicle of human rights violations in the sphere of culture (15-31 August 2026)"},"content":{"rendered":"<p><em>To report a violation (including confidentially) or to correct data presented in the report, please contact us at\u00a0dapamoha@penbelarus.org\u00a0or t.me\/viadoma.<\/em><\/p>\n<p><b>As of 31 August 2026, at least 125 cultural figures, including at least 22 writers, were either imprisoned or under home confinement. The number of banned books remained at 375.<\/b><\/p>\n<p><span style=\"font-weight: 400;\">A new politically motivated criminal case was opened in absentia against <\/span><b>Ale\u015b Bialacki<\/b><span style=\"font-weight: 400;\">.<\/span><\/p>\n<p><span style=\"font-weight: 400;\">Photographer <\/span><b>Alena Taleniec<\/b><span style=\"font-weight: 400;\"> was convicted in a politically motivated criminal case.<\/span><\/p>\n<p><span style=\"font-weight: 400;\">An in-absentia, politically motivated criminal case was opened against musician <\/span><b>Vadzim Dubojski<\/b><span style=\"font-weight: 400;\">.<\/span><\/p>\n<p><b><i>Love Is<\/i><\/b><span style=\"font-weight: 400;\">, an art book by political prisoner <\/span><b>Nasta Kuchta<\/b><span style=\"font-weight: 400;\">, was designated &#8220;extremist material&#8221;.<\/span><\/p>\n<p><span style=\"font-weight: 400;\">The <\/span><b>Techna\u0142ohija <\/b><span style=\"font-weight: 400;\">publishing house was designated an &#8220;extremist organisation&#8221;.<\/span><\/p>\n<p><span style=\"font-weight: 400;\">The Telegram channel of the human rights initiative <\/span><b>&#8220;NO to the Death Penalty&#8221;<\/b><span style=\"font-weight: 400;\"> was designated &#8220;extremist&#8221;.<\/span><\/p>\n<p><span style=\"font-weight: 400;\">A court in Belarus designated the online resources on Stalinist repression <\/span><b>&#8220;Chajsy \u2013 Viciebsk Kurapaty&#8221;<\/b><span style=\"font-weight: 400;\"> as &#8220;extremist information products&#8221;.<\/span><\/p>\n<p><span style=\"font-weight: 400;\">The song <\/span><b>&#8220;Nomiera&#8221;<\/b><span style=\"font-weight: 400;\"> by the band <\/span><b>LSP<\/b><span style=\"font-weight: 400;\"> was designated &#8220;extremist&#8221;.<\/span><\/p>\n<p><span style=\"font-weight: 400;\">A share of an apartment in Viciebsk, where civic activist, writer, and former political prisoner <\/span><b>Pavie\u0142 Sieviaryniec<\/b><span style=\"font-weight: 400;\"> is registered, was seized.<\/span><\/p>\n<hr \/>\n<h5 style=\"text-align: left;\"><b> I. Criminal prosecution of cultural figures, authors, and performers<\/b><\/h5>\n<p><b><\/b><span style=\"font-weight: 400;\"><strong>1.<\/strong> On 18 August, it became known that a new politically motivated criminal case had been opened in absentia against human rights defender, writer, 2022 Nobel Peace Prize laureate, and former political prisoner <\/span><b>Ale\u015b Bialacki<\/b><span style=\"font-weight: 400;\">. On 5 August, the Ministry of Internal Affairs of Belarus placed Bialacki on its wanted list, and his details subsequently appeared in the Russian Ministry of Internal Affairs database. The grounds given for placing him on the wanted list were simply a &#8220;criminal case&#8221;, without specifying the relevant article of the Criminal Code.<\/span><\/p>\n<p><b><\/b><span style=\"font-weight: 400;\"><strong>2.<\/strong> On 21 August, it became known that the Minsk City Court had convicted photographer <\/span><b>Alena Taleniec<\/b><span style=\"font-weight: 400;\"> in a politically motivated criminal case under Article 361-4 of the Criminal Code (facilitating extremist activities). She was sentenced to restriction of freedom under home confinement. Taleniec had been held in pre-trial detention since February 2026.<\/span><\/p>\n<p><b><\/b><span style=\"font-weight: 400;\"><strong>3.<\/strong> On 26 August, it became known that the Investigative Committee had opened a politically motivated criminal case in absentia against musician <\/span><b>Vadzim Dubojski<\/b><span style=\"font-weight: 400;\"> for participating in the peaceful mass protests of 2020. Dubojski is a guitarist and member of the hardcore punk band Vagitta. In August 2020, he was detained in Brest and beaten. Fleeing politically motivated persecution, he left for Russia in October 2020, where he was detained at the request of the Belarusian authorities and held in Pre-Trial Detention Centre No. 3 in Belgorod. He was not extradited to Belarus following an intervention by the European Court of Human Rights<\/span> <span style=\"font-weight: 400;\">and subsequently left Russia.<\/span><\/p>\n<h5 style=\"text-align: left;\"><b> II. Repression in the book sector<\/b><\/h5>\n<p><b><\/b><span style=\"font-weight: 400;\"><strong>1.<\/strong> On 17 August, it became known that <\/span><b><i>Love Is<\/i><\/b><span style=\"font-weight: 400;\"> (2024), an art book by political prisoner <\/span><b>Nasta Kuchta<\/b><span style=\"font-weight: 400;\">, had been designated &#8220;extremist material&#8221;. The book brings together her drawings made in the penal colony and her short stories. Kuchta was detained on 17 February 2022. On 11 November 2022, the Minsk City Court sentenced her in a politically motivated case to five years in a minimum-security penal colony<\/span><b>.<\/b><\/p>\n<p><b><\/b><span style=\"font-weight: 400;\"><strong>2.<\/strong> On 20 August, it became known that the Technaohija<\/span> <span style=\"font-weight: 400;\">publishing house had been designated an &#8220;extremist organisation&#8221;. The Minsk City Economic Court<\/span> <span style=\"font-weight: 400;\">issued the ruling on 10 June, and the publishing house was added to the List of Organisations, Formations, and Self-Employed Entrepreneurs Involved in Extremist Activities on 20 August. In April, the Ministry of Information suspended Technalohija&#8217;s certificate authorising it to distribute printed publications. Established in 1988, the publishing house specialised in academic, reference, educational and literary publications. In February, Technalohija announced that it was suspending its operations.<\/span><\/p>\n<h5 style=\"text-align: left;\"><b>III. Conditions in places of incarceration<\/b><\/h5>\n<p><span style=\"font-weight: 400;\">On 31 August, civic activist, writer and former political prisoner <\/span><b>Pavie\u0142 Sieviaryniec<\/b><span style=\"font-weight: 400;\"> described in a Facebook post the conditions in punishment and disciplinary cells, where basic hygiene items are prohibited:<\/span><\/p>\n<p><span style=\"font-weight: 400;\">&#8220;When you spend months in concrete boxes where everything is forbidden, cutting your nails becomes a serious problem. No scissors. No nail clippers. No blades. No razors. Concrete dust and dirt get under your nails. And after a month, two or three, your claws grow \u2013 you can imagine how long. So how do you cut your nails? You don&#8217;t. I know some people bite their nails. I tried, but it wasn&#8217;t for me. In the disciplinary cells at Akrescina, I worked out how to file my nails down against metal screws. Sometimes I scraped my fingers until they bled, but at least I didn&#8217;t have the feeling that I was an animal locked inside a concrete sack. In the punishment cells in \u0160k\u0142o\u016d or the closed prison in Hrodna, I couldn&#8217;t find screws like that, so I had to grind the nails on one or several fingers against the concrete or the cement between the tiles. It takes a long time and requires patience \u2013 but, as they say, at least you can see the result.&#8221;<\/span><\/p>\n<h5 style=\"text-align: left;\"><b> IV. Social media of historical, cultural and human rights initiatives designated as \u201cextremist\u201d<\/b><\/h5>\n<p><b><\/b><span style=\"font-weight: 400;\"><strong>1.<\/strong> On 19 August 2026, the \u0141oje\u016d District Court designated the Telegram channel of the human rights initiative <\/span><b>&#8220;NO to the Death Penalty&#8221;<\/b><span style=\"font-weight: 400;\"> as &#8220;extremist&#8221;. The initiative used non-fiction literature, documentary film and visual art in its activities.<\/span><\/p>\n<p><b><\/b><span style=\"font-weight: 400;\"><strong>2.<\/strong> On 25 August, the Pier\u0161amajski District Court of Viciebsk designated the online resources documenting Stalinist repression near Viciebsk as &#8220;extremist information products&#8221;. These included the &#8220;Chajsy \u2013 Viciebsk Kurapaty&#8221; Telegram channel and its pages on VKontakte and Odnoklassniki. Chajsy is a village in the Viciebsk district where mass executions took place in the 1930s and 1940s. <\/span><b>&#8220;Chajsy \u2013 Viciebsk Kurapaty&#8221;<\/b><span style=\"font-weight: 400;\"> is a civic initiative whose participants have worked to commemorate the victims of Stalinist repression.<\/span><\/p>\n<h5 style=\"text-align: left;\"><b>V. Musical works designated as \u201cextremist\u201d<\/b><\/h5>\n<p><span style=\"font-weight: 400;\">On 24 August, a court in <\/span><b>Navapo\u0142ack<\/b><span style=\"font-weight: 400;\"> ruled to designate the song <\/span><b>&#8220;Nomiera&#8221;<\/b><span style=\"font-weight: 400;\"> by the band <\/span><b>LSP<\/b><span style=\"font-weight: 400;\"> as &#8220;extremist&#8221;.<\/span><\/p>\n<h5 style=\"text-align: left;\"><b>V\u0406. Cultural figures\u2019 social media designated as \u201cextremist\u201d<\/b><\/h5>\n<p><span style=\"font-weight: 400;\">On 17 August, the Ministry of Information<\/span> <span style=\"font-weight: 400;\">added the Facebook account of poet, performer and historical costume reenactor <\/span><b>Kaciaryna Vadanosava<\/b><span style=\"font-weight: 400;\"> to the list of <\/span><b>&#8220;<\/b><span style=\"font-weight: 400;\">extremist materials&#8221;.<\/span><\/p>\n<h5 style=\"text-align: left;\"><b>V\u0406\u0406. Transnational repression<\/b><\/h5>\n<p><span style=\"font-weight: 400;\">On 18 August, it became known that authorities had seized a<\/span> <span style=\"font-weight: 400;\">share of the apartment in Viciebsk where civic activist, writer and former political prisoner <\/span><b>Pavie\u0142 Sieviaryniec<\/b><span style=\"font-weight: 400;\"> was registered. Such measures are imposed when criminal proceedings have been initiated against an individual. A new criminal case was opened against Sieviaryniec over his participation in the Freedom Day celebrations on 25 March 2026<\/span><b>.<\/b><\/p>\n<hr \/>\n<h2><span style=\"font-weight: 400;\">Disclaimer: Belarusian personal names and proper names<\/span><\/h2>\n<h5><b>Personal names<\/b><\/h5>\n<p><span style=\"font-weight: 400;\">Personal names and surnames in this text are rendered using the traditional <\/span><b>Belarusian Latin alphabet <\/b><a href=\"https:\/\/en.wikipedia.org\/wiki\/Belarusian_Latin_alphabet\" target=\"_blank\" rel=\"noopener nofollow\"><span style=\"font-weight: 400;\">\u0141acinka<\/span><\/a><span style=\"font-weight: 400;\">. We also provide their equivalents according to the current <\/span><a href=\"https:\/\/pravo.by\/document\/?guid=2012&amp;oldDoc=2008-261\/2008-261(081-092).pdf&amp;oldDocPage=1\" target=\"_blank\" rel=\"noopener nofollow\"><span style=\"font-weight: 400;\">Instruction on the Transliteration of Surnames and Given Names of Citizens of the Republic of Belarus<\/span><\/a><span style=\"font-weight: 400;\">. Where direct access to official identity documents is unavailable, the transliterated forms of names may differ from the spellings used in official passport records.<\/span><\/p>\n\n<table>\n<tbody>\n<tr>\n<td><b>Belarusian \u0141acinka<\/b><\/td>\n<td><b>Official transliteration (since 23.10.2008)<\/b><\/td>\n<td><b>Other known spellings<\/b><\/td>\n<\/tr>\n<tr>\n<td><span style=\"font-weight: 400;\">Alena Taleniec<\/span><\/td>\n<td><span style=\"font-weight: 400;\">Aliena Talieniets<\/span><\/td>\n<td><\/td>\n<\/tr>\n<tr>\n<td><span style=\"font-weight: 400;\">Ale\u015b Bialacki<\/span><\/td>\n<td><span style=\"font-weight: 400;\">Alies Bialiatski<\/span><\/td>\n<td><span style=\"font-weight: 400;\">Ales Bialiatski<\/span><\/td>\n<\/tr>\n<tr>\n<td><span style=\"font-weight: 400;\">Kaciaryna Vadanosava<\/span><\/td>\n<td><span style=\"font-weight: 400;\">Katsiaryna Vadanosava<\/span><\/td>\n<td><\/td>\n<\/tr>\n<tr>\n<td><span style=\"font-weight: 400;\">Nasta Kuchta<\/span><\/td>\n<td><span style=\"font-weight: 400;\">Nastassia Kukhta<\/span><\/td>\n<td><\/td>\n<\/tr>\n<tr>\n<td><span style=\"font-weight: 400;\">Pavie\u0142 Sieviaryniec<\/span><\/td>\n<td><span style=\"font-weight: 400;\">Paviel Sieviaryniets<\/span><\/td>\n<td><\/td>\n<\/tr>\n<tr>\n<td><span style=\"font-weight: 400;\">Vadzim Dubojski<\/span><\/td>\n<td><span style=\"font-weight: 400;\">Vadzim Dubojski<\/span><\/td>\n<td><\/td>\n<\/tr>\n<\/tbody>\n<\/table>\n\n<h5><b>Toponyms<\/b><\/h5>\n<p><span style=\"font-weight: 400;\">Geographical names in this text are rendered using the traditional <\/span><b>Belarusian Latin alphabet <\/b><a href=\"https:\/\/en.wikipedia.org\/wiki\/Belarusian_Latin_alphabet\" target=\"_blank\" rel=\"noopener nofollow\"><span style=\"font-weight: 400;\">\u0141acinka<\/span><\/a><span style=\"font-weight: 400;\">. We also provide their equivalents according to the current <\/span><a href=\"https:\/\/pravo.by\/document\/?guid=12551&amp;p0=W22339778&amp;p1=1&amp;p5=0\" target=\"_blank\" rel=\"noopener nofollow\"><span style=\"font-weight: 400;\">Instruction on Rendering the Names of Geographical Features from Belarusian and Russian into Other Languages and on Transliteration of the Names of Geographical Features into the Latin Alphabet<\/span><\/a><span style=\"font-weight: 400;\">.<\/span><\/p>\n<table>\n<tbody>\n<tr>\n<td><b>Belarusian \u0141acinka<\/b><\/td>\n<td><b>Official transliteration (since 23.10.2008)<\/b><\/td>\n<td><b>Other known spellings<\/b><\/td>\n<\/tr>\n<tr>\n<td><span style=\"font-weight: 400;\">Akrescina (detention centre)<\/span><\/td>\n<td><span style=\"font-weight: 400;\">Akrescina<\/span><\/td>\n<td><span style=\"font-weight: 400;\">Akrestsina \/ Akre\u015bcina \/ Okrestina<\/span><\/td>\n<\/tr>\n<tr>\n<td><span style=\"font-weight: 400;\">Chajsy<\/span><\/td>\n<td><span style=\"font-weight: 400;\">Hajsy<\/span><\/td>\n<td><span style=\"font-weight: 400;\">Khajsy\u00a0<\/span><\/td>\n<\/tr>\n<tr>\n<td><span style=\"font-weight: 400;\">Hrodna<\/span><\/td>\n<td><span style=\"font-weight: 400;\">Grodna<\/span><\/td>\n<td><span style=\"font-weight: 400;\">\u00a0<\/span><\/td>\n<\/tr>\n<tr>\n<td><span style=\"font-weight: 400;\">Kurapaty<\/span><\/td>\n<td><span style=\"font-weight: 400;\">Kurapaty<\/span><\/td>\n<td><span style=\"font-weight: 400;\">\u00a0<\/span><\/td>\n<\/tr>\n<tr>\n<td><span style=\"font-weight: 400;\">Navapo\u0142ack<\/span><\/td>\n<td><span style=\"font-weight: 400;\">Navapolack<\/span><\/td>\n<td><span style=\"font-weight: 400;\">Navapolatsk<\/span><\/td>\n<\/tr>\n<tr>\n<td><span style=\"font-weight: 400;\">Pier\u0161amajski (district)<\/span><\/td>\n<td><span style=\"font-weight: 400;\">Piershamajski<\/span><\/td>\n<td><span style=\"font-weight: 400;\">Pyershamayski<\/span><\/td>\n<\/tr>\n<tr>\n<td><span style=\"font-weight: 400;\">\u0160k\u0142o\u016d<\/span><\/td>\n<td><span style=\"font-weight: 400;\">Shklow<\/span><\/td>\n<td><span style=\"font-weight: 400;\">\u00a0<\/span><\/td>\n<\/tr>\n<tr>\n<td><span style=\"font-weight: 400;\">Viciebsk<\/span><\/td>\n<td><span style=\"font-weight: 400;\">Viciebsk<\/span><\/td>\n<td><span style=\"font-weight: 400;\">Vitebsk \/ Vitsyebsk \/ Vicebsk\u00a0<\/span><\/td>\n<\/tr>\n<\/tbody>\n<\/table>\n\n<h5><b>Proper names of organisations, projects, etc.\u00a0<\/b><\/h5>\n<p><span style=\"font-weight: 400;\">The names of Belarusian organisations, projects and similar entities in this text are rendered using the traditional <\/span><b>Belarusian Latin alphabet <\/b><a href=\"https:\/\/en.wikipedia.org\/wiki\/Belarusian_Latin_alphabet\" target=\"_blank\" rel=\"noopener nofollow\"><span style=\"font-weight: 400;\">\u0141acinka<\/span><\/a><span style=\"font-weight: 400;\">.<\/span><\/p>\n<table>\n<tbody>\n<tr>\n<td><b>Belarusian \u0141acinka<\/b><\/td>\n<td><b>Official transliteration<\/b><\/td>\n<td><b>Other known spellings<\/b><\/td>\n<\/tr>\n<tr>\n<td><span style=\"font-weight: 400;\">Techna\u0142ohija (publishing house)<\/span><\/td>\n<td><\/td>\n<td><span style=\"font-weight: 400;\">Technalohija<\/span><\/td>\n<\/tr>\n<\/tbody>\n<\/table>\n\n","protected":false},"excerpt":{"rendered":"<p>To report a violation (including confidentially) or to correct data presented in the report, please contact us at\u00a0dapamoha@penbelarus.org\u00a0or t.me\/viadoma. As of 31 August 2026, at least 125 cultural figures, including at least 22 writers, were either imprisoned or under home confinement. The number of banned books remained at 375. A new politically motivated criminal case<\/p>\n","protected":false},"author":117,"featured_media":23872,"comment_status":"closed","ping_status":"closed","sticky":false,"template":"","format":"standard","meta":{"footnotes":""},"categories":[4255],"tags":[4291,4285],"class_list":["post-23836","post","type-post","status-publish","format-standard","has-post-thumbnail","hentry","category-cultural-right","tag-chronicle","tag-hronika"],"_links":{"self":[{"href":"https:\/\/penbelarus.org\/en\/wp-json\/wp\/v2\/posts\/23836","targetHints":{"allow":["GET"]}}],"collection":[{"href":"https:\/\/penbelarus.org\/en\/wp-json\/wp\/v2\/posts"}],"about":[{"href":"https:\/\/penbelarus.org\/en\/wp-json\/wp\/v2\/types\/post"}],"author":[{"embeddable":true,"href":"https:\/\/penbelarus.org\/en\/wp-json\/wp\/v2\/users\/117"}],"replies":[{"embeddable":true,"href":"https:\/\/penbelarus.org\/en\/wp-json\/wp\/v2\/comments?post=23836"}],"version-history":[{"count":6,"href":"https:\/\/penbelarus.org\/en\/wp-json\/wp\/v2\/posts\/23836\/revisions"}],"predecessor-version":[{"id":23873,"href":"https:\/\/penbelarus.org\/en\/wp-json\/wp\/v2\/posts\/23836\/revisions\/23873"}],"wp:featuredmedia":[{"embeddable":true,"href":"https:\/\/penbelarus.org\/en\/wp-json\/wp\/v2\/media\/23872"}],"wp:attachment":[{"href":"https:\/\/penbelarus.org\/en\/wp-json\/wp\/v2\/media?parent=23836"}],"wp:term":[{"taxonomy":"category","embeddable":true,"href":"https:\/\/penbelarus.org\/en\/wp-json\/wp\/v2\/categories?post=23836"},{"taxonomy":"post_tag","embeddable":true,"href":"https:\/\/penbelarus.org\/en\/wp-json\/wp\/v2\/tags?post=23836"}],"curies":[{"name":"wp","href":"https:\/\/api.w.org\/{rel}","templated":true}]}}