{"id":18931,"date":"2025-04-29T13:03:06","date_gmt":"2025-04-29T13:03:06","guid":{"rendered":"https:\/\/penbelarus.org\/en\/?p=18931"},"modified":"2025-04-29T13:23:03","modified_gmt":"2025-04-29T13:23:03","slug":"turkiye-free-pen-member-joakim-medin","status":"publish","type":"post","link":"https:\/\/penbelarus.org\/en\/2025\/04\/29\/turkiye-free-pen-member-joakim-medin.html","title":{"rendered":"T\u00fcrkiye: Free PEN member Joakim Medin"},"content":{"rendered":"<p>PEN Belarus joins the\u00a0<a href=\"https:\/\/www.pen-international.org\/news\/trkiye-free-pen-member-joakim-medin\" target=\"_blank\" rel=\"nofollow noindex noopener\">statement<\/a> of PEN International about PEN Sweden member Joakim Medin.<\/p>\n<div id=\"block-789f284ee0d7277ec3f1\" class=\"sqs-block html-block sqs-block-html\" data-block-type=\"2\" data-border-radii=\"{\"topLeft\":{\"unit\":\"px\",\"value\":0.0},\"topRight\":{\"unit\":\"px\",\"value\":0.0},\"bottomLeft\":{\"unit\":\"px\",\"value\":0.0},\"bottomRight\":{\"unit\":\"px\",\"value\":0.0}}\">\n<div class=\"sqs-block-content\">\n<div class=\"sqs-html-content\">\n<p class=\"preFade fadeIn\"><strong><em>\u2018By prosecuting Joakim Medin, a Swedish national, the authorities of T\u00fcrkiye are clearly seeking to muzzle the foreign press and intimidate all journalists into silence. We urge the authorities to end their relentless clampdown on fundamental freedoms by promptly releasing Medin, and all writers held solely for their peaceful expression,\u2019 <\/em>said Burhan Sonmez, PEN International President.\u00a0<\/strong><\/p>\n<\/div>\n<\/div>\n<\/div>\n<div id=\"block-yui_3_17_2_1_1745918292626_9778\" class=\"sqs-block html-block sqs-block-html\" data-block-type=\"2\" data-border-radii=\"{\"topLeft\":{\"unit\":\"px\",\"value\":0.0},\"topRight\":{\"unit\":\"px\",\"value\":0.0},\"bottomLeft\":{\"unit\":\"px\",\"value\":0.0},\"bottomRight\":{\"unit\":\"px\",\"value\":0.0}}\">\n<div class=\"sqs-block-content\">\n<div class=\"sqs-html-content\">\n<p class=\"preFade fadeIn\"><strong>29 April 2025 \u2013 The authorities of T\u00fcrkiye should immediately release journalist, writer, and PEN Sweden member Joakim Medin and drop all charges against him, PEN International and PEN Sweden said today, ahead of his first hearing in Ankara on 30 April. Medin faces lengthy prison terms on fabricated insult and terrorism grounds if convicted.\u00a0<\/strong><\/p>\n<p class=\"preFade fadeIn\">A writer and journalist with Swedish newspaper <em>Dagens ETC<\/em>, Joakim Medin was <a href=\"https:\/\/www.svenskapen.se\/senaste-nytt\/2025\/3\/28\/journalisten-och-frfattaren-joakim-medin-frihetsbervad-i-turkiet\" target=\"_blank\" rel=\"noopener nofollow\">detained<\/a> by police on 27 March 2025 at Istanbul airport after travelling to cover nationwide <a href=\"https:\/\/www.pen-international.org\/news\/trkiye-crackdown-on-peaceful-expression-condemned\" target=\"_blank\" rel=\"noopener nofollow\">protests<\/a> and arrested the following day. A court in Ankara subsequently <a href=\"https:\/\/www.mlsaturkey.com\/en\/court-rejects-appeal-against-detention-of-swedish-journalist-kaj-joakim-medin\" target=\"_blank\" rel=\"noopener nofollow\">rejected<\/a> an appeal challenging his arrest order. He is currently being held in the high-security Marmara prison in Silivri, near Istanbul. On 1 April, he sent a <a href=\"https:\/\/swedenherald.com\/article\/journalist-joakim-medin-declares-from-prison-journalism-is-not-a-crime\" target=\"_blank\" rel=\"noopener nofollow\">message<\/a> from prison on a handwritten note that read, \u2018Journalism is not a crime, not in any country.\u2019<\/p>\n<p class=\"preFade fadeIn\">Medin has been charged with \u2018insulting the president\u2019, a charge that carries up to three years in prison. According to the Media and Law Studies Association (MLSA), which represents Medin, the <a href=\"https:\/\/www.mlsaturkey.com\/en\/two-separate-indictments-against-swedish-journalist-medin-membership-and-insulting-the-president\" target=\"_blank\" rel=\"noopener nofollow\">charges<\/a> against him stem from social media posts related to a 2023 protest in Stockholm, in which an effigy of President Recep Tayyip Erdo\u011fan was <a href=\"https:\/\/www.aftonbladet.se\/nyheter\/a\/APE0Xx\/turkiet-rasar-mot-erdogan-docka-i-stockholm\" target=\"_blank\" rel=\"noopener nofollow\">hung<\/a> by its feet. Medin denied all accusations, telling prosecutors that he merely reported on the incident in a professional capacity. The protest organisers promptly <a href=\"https:\/\/www.aftonbladet.se\/nyheter\/a\/mPwaGp\/joakim-medin-misstanks-for-forolampning-av-erdogan\" target=\"_blank\" rel=\"noopener nofollow\">corroborated<\/a> his statement.<\/p>\n<p class=\"preFade fadeIn\">Medin faces separate charges of \u2018membership of a terrorist organisation\u2019 and \u2018making terrorist propaganda\u2019 \u2013 charges that carry years in prison. The second indictment notably <a href=\"https:\/\/www.mlsaturkey.com\/en\/two-separate-indictments-against-swedish-journalist-medin-membership-and-insulting-the-president\" target=\"_blank\" rel=\"noopener nofollow\">mentions<\/a> his reporting for <em>Dagens ETC<\/em>, his social media posts as well as the content of his books, including <em>Kobane \u2013 Den kurdiska revolutionen och kampen mot IS<\/em>\u202f(<em>Kobane \u2013 The Kurdish revolution and the fight against IS, <\/em>published in 2016) based on his travels to Syria as a journalist \u2013 which the prosecution claims is evidence of his ties to a terrorist group.<\/p>\n<p class=\"preFade fadeIn\">\u2018<em>Freedom of expression in T\u00fcrkiye is severely repressed, and the number of imprisoned writers and journalists is frighteningly high. It is now of the utmost importance that Joakim Medin receives a fair trial where it is established that journalism is not a crime,\u2019<\/em> said <strong>Kerstin Almeg\u00e5rd, President of PEN Sweden<\/strong>.<\/p>\n<p class=\"preFade fadeIn\">The first hearing in the \u2018insult\u2019 case has been scheduled for 30 April at the 79th Criminal Court of First Instance in Ankara. Medin is expected to testify by video link. A hearing for the terrorism-related case has yet to be set. PEN International and PEN Sweden call for both cases against Medim to be dropped and urge his immediate and unconditional release.<\/p>\n<p class=\"preFade fadeIn\">PEN International further <a href=\"https:\/\/www.pen-international.org\/committee-news\/whats-happening-to-young-dissidents-in-turkiye-echoes-everywhere\" target=\"_blank\" rel=\"noopener nofollow\">reiterates calls<\/a> for the authorities of T\u00fcrkiye to urgently uphold the rights to freedom of expression, information and peaceful protests, and to release all those detained on spurious grounds.<\/p>\n<h5 class=\"preFade fadeIn\"><strong>Additional information<\/strong><\/h5>\n<p class=\"preFade fadeIn\">Joakim Medin, born on 28 August 1984, is a well-known journalist, writer, and member of PEN Sweden, who reported from countries all over the world, including Syria, Hungary, Thailand and T\u00fcrkiye. Before working as a journalist Medin was a teacher, and he continued to teach journalism students at the time of his arrest \u2013 including about working in high-risk areas. Medin specialises in Kurdish issues, having visited the Kurdish areas of Iraq and Syria multiple times for his work. He was previously <a href=\"https:\/\/www.vice.com\/en\/article\/swedish-journalist-detained-in-syria-and-released-after-brutal-week-behind-bars\/\" target=\"_blank\" rel=\"noopener nofollow\">detained<\/a> for a week by Syrian security forces in February 2015 alongside his interpreter while on a research trip in Syria. He is the author of several books, including <em>Kobane \u2013 the Kurdish revolution and the fight against IS <\/em>(2016), <em>Orb\u00e1nistan \u2013 fear and hatred in the illiberal Hungary <\/em>(2018), <em>The Swedes of Thailand<\/em> (2019), <em>Essential workers<\/em> (2021), <em>Amanda \u2013 My daughter\u2019s journey to IS<\/em> (co-written with Patricio Galvez, 2022) and <em>The Kurdish track \u2013<\/em> <em>Sweden, Turkey and the price of a Nato membership <\/em>(2023).<\/p>\n<p class=\"preFade fadeIn\">Relations between Sweden and T\u00fcrkiye have been fraught in recent years. In 2022, the authorities of T\u00fcrkiye <a href=\"https:\/\/www.theguardian.com\/world\/2022\/dec\/19\/swedish-court-blocks-extradition-journalist-turkey-nato-bulent-kenes\" target=\"_blank\" rel=\"noopener nofollow\">requested<\/a> that several individuals from T\u00fcrkiye be extradited from Sweden to T\u00fcrkiye in exchange for the country allowing Sweden to join NATO. In 2023, T\u00fcrkiye summoned Sweden\u2019s ambassador following protests in Stockholm comparing Erdo\u011fan to Benito Mussolini, calling for protesters to be brought to account.<\/p>\n<p class=\"preFade fadeIn\">As documented in <a href=\"https:\/\/www.pen-international.org\/news\/statement-identity-on-trial-persecution-and-resistance-pen-international-case-list-2025\" target=\"_blank\" rel=\"noopener nofollow\"><em>Identity on Trial: Persecution and Resistance<\/em><\/a> \u2013 PEN International\u2019s Case List 2025, over-broad counter-terrorism laws have been repeatedly used by the authorities of T\u00fcrkiye to target writers and journalists who dare express dissenting views. Insult laws are a <a href=\"https:\/\/https\/static1.squarespace.com\/static\/628f9ae10b12c8255bd8814d\/t\/651d470a66fcd66d90ee99cf\/1696417547390\/Resolution+on+criminal+defamation+and+SLAPPs+%28ENG%29.pdf\" class=\"count\" target=\"_blank\" rel=\"noopener nofollow\">disproportionate<\/a> and unnecessary response to the need to protect reputations. They have a chilling effect and undermine freedom of expression. PEN International calls upon the authorities of T\u00fcrkiye\u2019s to align counter-terrorism laws with international standards and to repeal all criminal defamation and insult laws.<\/p>\n<h3 class=\"preFade fadeIn\"><span class=\"sqsrte-text-highlight\" data-text-attribute-id=\"3858c1c3-2562-4233-a9d9-ae3b47a48865\"><strong>Solidarity messages<\/strong>\u00a0<\/span><\/h3>\n<p class=\"preFade fadeIn\">Please take part in PEN Sweden\u2019s campaign and send solidarity messages to Joakim Medin and his family via this online form: <a href=\"https:\/\/swe01.safelinks.protection.outlook.com\/?url=https%3A%2F%2Fwww.svenskapen.se%2Fsolidaritetshalsning-joakim-medin&amp;data=05%7C02%7Channa.nordell%40svenskapen.se%7Cc940a6616cf244f2222b08dd8295e1fb%7Cb20716b20672439682347404da0d6aa2%7C0%7C0%7C638810302437317896%7CUnknown%7CTWFpbGZsb3d8eyJFbXB0eU1hcGkiOnRydWUsIlYiOiIwLjAuMDAwMCIsIlAiOiJXaW4zMiIsIkFOIjoiTWFpbCIsIldUIjoyfQ%3D%3D%7C0%7C%7C%7C&amp;sdata=cM%2BYlsgIxCdtBdSAjyNqf%2BCAiOUhEYtGp90COx749f4%3D&amp;reserved=0\" target=\"_blank\" rel=\"noopener nofollow\">https:\/\/www.svenskapen.se\/solidaritetshalsning-joakim-medin<\/a><\/p>\n<\/div>\n<\/div>\n<\/div>\n<div id=\"block-yui_3_17_2_1_1745918292626_3957\" class=\"sqs-block horizontalrule-block sqs-block-horizontalrule\" data-block-type=\"47\">\n<div class=\"sqs-block-content\">\n<hr \/>\n<\/div>\n<\/div>\n<div id=\"block-yui_3_17_2_1_1745918292626_4075\" class=\"sqs-block html-block sqs-block-html\" data-block-type=\"2\" data-border-radii=\"{\"topLeft\":{\"unit\":\"px\",\"value\":0.0},\"topRight\":{\"unit\":\"px\",\"value\":0.0},\"bottomLeft\":{\"unit\":\"px\",\"value\":0.0},\"bottomRight\":{\"unit\":\"px\",\"value\":0.0}}\">\n<div class=\"sqs-block-content\">\n<div class=\"sqs-html-content\">\n<p class=\"preFade fadeIn\"><strong>Note to editors:<\/strong><\/p>\n<p class=\"preFade fadeIn\">For further details contact <strong>Aur\u00e9lia Dondo,<\/strong> Head of Europe and Central Asia Region at PEN International:\u202f<a href=\"mailto:Aurelia.dondo@pen-international.org\" target=\"_blank\" rel=\"noopener nofollow\">Aurelia.dondo@pen-international.org<\/a><\/p>\n<p class=\"preFade fadeIn\">For media queries, please contact\u202f<strong>Sabrina Tucci<\/strong>, PEN International Communications and Campaigns Manager,\u202f\u202f<a href=\"mailto:Sabrina.Tucci@pen-international.org\" target=\"_blank\" rel=\"noopener nofollow\">Sabrina.Tucci@pen-international.org<\/a><\/p>\n<\/div>\n<\/div>\n<\/div>\n","protected":false},"excerpt":{"rendered":"<p>PEN Belarus joins the\u00a0statement of PEN International about PEN Sweden member Joakim Medin. \u2018By prosecuting Joakim Medin, a Swedish national, the authorities of T\u00fcrkiye are clearly seeking to muzzle the foreign press and intimidate all journalists into silence. We urge the authorities to end their relentless clampdown on fundamental freedoms by promptly releasing Medin, and<\/p>\n","protected":false},"author":117,"featured_media":18932,"comment_status":"closed","ping_status":"closed","sticky":false,"template":"","format":"standard","meta":{"footnotes":""},"categories":[4201],"tags":[],"class_list":["post-18931","post","type-post","status-publish","format-standard","has-post-thumbnail","hentry","category-solidarity"],"_links":{"self":[{"href":"https:\/\/penbelarus.org\/en\/wp-json\/wp\/v2\/posts\/18931","targetHints":{"allow":["GET"]}}],"collection":[{"href":"https:\/\/penbelarus.org\/en\/wp-json\/wp\/v2\/posts"}],"about":[{"href":"https:\/\/penbelarus.org\/en\/wp-json\/wp\/v2\/types\/post"}],"author":[{"embeddable":true,"href":"https:\/\/penbelarus.org\/en\/wp-json\/wp\/v2\/users\/117"}],"replies":[{"embeddable":true,"href":"https:\/\/penbelarus.org\/en\/wp-json\/wp\/v2\/comments?post=18931"}],"version-history":[{"count":4,"href":"https:\/\/penbelarus.org\/en\/wp-json\/wp\/v2\/posts\/18931\/revisions"}],"predecessor-version":[{"id":18936,"href":"https:\/\/penbelarus.org\/en\/wp-json\/wp\/v2\/posts\/18931\/revisions\/18936"}],"wp:featuredmedia":[{"embeddable":true,"href":"https:\/\/penbelarus.org\/en\/wp-json\/wp\/v2\/media\/18932"}],"wp:attachment":[{"href":"https:\/\/penbelarus.org\/en\/wp-json\/wp\/v2\/media?parent=18931"}],"wp:term":[{"taxonomy":"category","embeddable":true,"href":"https:\/\/penbelarus.org\/en\/wp-json\/wp\/v2\/categories?post=18931"},{"taxonomy":"post_tag","embeddable":true,"href":"https:\/\/penbelarus.org\/en\/wp-json\/wp\/v2\/tags?post=18931"}],"curies":[{"name":"wp","href":"https:\/\/api.w.org\/{rel}","templated":true}]}}