{"id":17994,"date":"2025-01-02T18:07:47","date_gmt":"2025-01-02T18:07:47","guid":{"rendered":"https:\/\/penbelarus.org\/?p=17994"},"modified":"2025-04-30T08:34:22","modified_gmt":"2025-04-30T08:34:22","slug":"zayava-pra-nedapushchalnascz-vykarystannya-movy-varozhasczi-i-naczyyanalnaj-neczyarpimasczi","status":"publish","type":"post","link":"https:\/\/penbelarus.org\/en\/2025\/01\/02\/zayava-pra-nedapushchalnascz-vykarystannya-movy-varozhasczi-i-naczyyanalnaj-neczyarpimasczi.html","title":{"rendered":"Parei\u0161kimas d\u0117l neapykantos kalbos naudojimo ir nacionalinio nepakantumo nepriimtinumo"},"content":{"rendered":"<h6>[The statement\u00a0<a href=\"https:\/\/penbelarus.org\/en\/2025\/01\/08\/statement-hate-speech-and-ethnic-intolerance-are-unadmissable.html\" target=\"_blank\" rel=\"noopener \">in English is here<\/a>]<\/h6>\n<h6>[\u0417\u0430\u044f\u0432\u0430 <a href=\"https:\/\/penbelarus.org\/2025\/01\/02\/zayava-pra-nedapushchalnascz-vykarystannya-movy-varozhasczi-i-naczyyanalnaj-neczyarpimasczi.html\" target=\"_blank\" rel=\"noopener \">\u043f\u0430-\u0431\u0435\u043b\u0430\u0440\u0443\u0441\u043a\u0443 \u0442\u0443\u0442<\/a>]<\/h6>\n<p><span style=\"font-weight: 400;\">Mes, Baltarusi\u0173 PEN centras ir kitos \u017emogaus teisi\u0173 ir kult\u016bros organizacijos, pasira\u0161iusios \u0161\u012f parei\u0161kim\u0105, norime atkreipti tarptautin\u0117s bendruomen\u0117s ir Lietuvos vald\u017eios d\u0117mes\u012f \u012f eil\u0119 vandalizmo akt\u0173 ir neapykantos kalbos aprai\u0161k\u0173, nukreipt\u0173 prie\u0161 baltarusi\u0173 bendruomen\u0119 Vilniuje 2024 metais:\u00a0<\/span><\/p>\n<ul>\n<li style=\"font-weight: 400;\" aria-level=\"1\"><span style=\"font-weight: 400;\"><strong>Liepos 28 d.<\/strong> ne\u017einomi asmenys \u012fvykd\u0117 atak\u0105 baltarusi\u0173 parduotuv\u0117je <strong>\u201eKropka\u201c<\/strong>.<\/span><\/li>\n<li style=\"font-weight: 400;\" aria-level=\"1\"><span style=\"font-weight: 400;\"><strong>Rugpj\u016b\u010dio 1 d.<\/strong> ant <strong>Europos Humanitarinio Universiteto<\/strong> pastato atsirado nepakantus u\u017era\u0161as, skirtas baltarusiams (etninei EHU student\u0173 daugumai).<\/span><\/li>\n<li style=\"font-weight: 400;\" aria-level=\"1\"><span style=\"font-weight: 400;\"><strong>Rugs\u0117jo 4 ir 5<\/strong> dienomis ne\u017einomi ap\u0161aud\u0117 pastato, kuriame laiko mi\u0161ias <strong>baltarusi\u0173 sta\u010diatiki\u0173 bendruomen\u0117<\/strong>, i\u0161dau\u017e\u0117 <strong>Baltarusi\u0173 bendruomen\u0117s ir kult\u016bros centro<\/strong> langus, \u0161alia baltarusi\u0173 savanori\u0173 organizacijos <strong>\u201eDapamoha\u201c<\/strong> paliko baltarusiams nepakant\u0173 u\u017era\u0161\u0105.<\/span><\/li>\n<li style=\"font-weight: 400;\" aria-level=\"1\"><span style=\"font-weight: 400;\"><strong>Spalio 26 d.<\/strong> ne\u017einomi asmenys padeg\u0117 <strong>Baltarusi\u0173 bendruomen\u0117s ir kult\u016bros pastato<\/strong> duris, paliko nepakant\u0173 u\u017era\u0161\u0105 ir u\u017eda\u017e\u0117 vietin\u012f mural\u0105.<\/span><\/li>\n<li style=\"font-weight: 400;\" aria-level=\"1\"><span style=\"font-weight: 400;\"><strong>Lapkri\u010dio 5 d.<\/strong> ksenofobiniai u\u017era\u0161ai atsirado ant baltarusi\u0173 kavin\u0117s <strong>\u201eKar\u010dma 1863\u201c<\/strong>.<\/span><\/li>\n<\/ul>\n<p><span style=\"font-weight: 400;\">Norime pa\u017eym\u0117ti, jog du kartus atakuotas <\/span><a href=\"https:\/\/www.instagram.com\/bielaruskidom\/\" target=\"_blank\" rel=\"nofollow noindex noopener\"><span style=\"font-weight: 400;\">Baltarusi\u0173 bendruomen\u0117s ir kult\u016bros centras Vilniuje<\/span><\/a><span style=\"font-weight: 400;\"> yra ne pelno siekianti Lietuvos baltarusi\u0173 \u012fstaiga, kurianti erdv\u0119 baltarusi\u0173 projektams ir iniciatyvoms. Centre tarp kit\u0173 veikl\u0173 vyksta baltarusi\u0173 ir lietuvi\u0173 kalb\u0173 kursai, parodos, nemokamas neformalus \u0161vietimas vaikams.<\/span><\/p>\n<p><span style=\"font-weight: 400;\">Mes grie\u017etai smerkiame bet kokias neapykantos kalbos formas, galin\u010dias griauti demokratin\u0117s ir teisin\u0117s valstyb\u0117s pamatus. Nepakantumo kalbos naudojimas ir prie\u0161i\u0161kumo i\u0161rai\u0161kos nepriimtinos visuomen\u0117je, gerbian\u010dioje \u017emogaus teises. Tokie veiksmai s\u0117ja suirut\u0119 ir \u012ftamp\u0105 visuomen\u0117je. Valstyb\u0117s nepriimami operatyv\u016bs veiksmai \u2013 tyrimas ir kalt\u0173j\u0173 pritraukimas atsakomyb\u0117n \u2013 gali privesti prie Tarptautin\u0117s konvencijos apie vis\u0173 rasin\u0117s diskriminacijos form\u0173 likvidacij\u0105 pa\u017eeidimo.<\/span><\/p>\n<p><strong>Mes kvie\u010diame Lietuvos vald\u017ei\u0105 atlikti detal\u0173 \u0161i\u0173 incident\u0173 tyrim\u0105, patraukti kaltus atsakomyb\u0117n ir garantuoti vis\u0173 gyventoj\u0173, nepriklaus\u043emai nuo tautyb\u0117s ir kilm\u0117s, saugum\u0105. Taipogi mes kreipiam\u0117s \u012f tarptautin\u0119 bendruomen\u0119 ir \u017emogaus teisi\u0173 organizacijas su pra\u0161ymu atkreipti d\u0117mes\u012f \u012f \u0161i\u0105 situacij\u0105 ir palaikyti pastangas diskriminacijai ir dirbtinio nepakantumo tarp baltarusi\u0173 ir lietuvi\u0173 kurstymui sustabdyti.<\/strong><\/p>\n<p><span style=\"font-weight: 400;\">I\u0161rei\u0161kiame palaikymo ir solidarumo \u017eod\u017eius nukent\u0117jusioms organizacijoms. Mes kvie\u010diame visus i\u0161reik\u0161ti solidarum\u0105 ir bendradarbiauti kovojant prie\u0161 neapykantos ir nepakantumo aprai\u0161kas.<\/span><\/p>\n<h5><strong>Nor\u0117dami palaikyti parei\u0161kim\u0105, u\u017epildykite \u0161i\u0105 <a href=\"https:\/\/forms.gle\/91RYhsD9jkTKQp7W8\" target=\"_blank\" rel=\"noopener nofollow\">trump\u0105 form\u0105<\/a>.<\/strong><\/h5>\n<h5><em><span style=\"font-weight: 400;\">Parei\u0161kim\u0105 pasira\u0161\u0117:\u00a0<\/span><\/em><\/h5>\n<p><em><span style=\"font-weight: 400;\">Baltarusi\u0173 PEN \/\u0411\u0435\u043b\u0430\u0440\u0443\u0441\u043a\u0456 \u041f\u042d\u041d \/ PEN Belarus<\/span><\/em><\/p>\n<p><em><span style=\"font-weight: 400;\">Tutej\u0161y Teatras \/ \u0422\u0443\u0442\u044d\u0439\u0448\u044b \u0422\u044d\u0430\u0442\u0440\/ Tutej\u0161y Teatr<\/span><\/em><\/p>\n<p><em><span style=\"font-weight: 400;\">Telegramo kanalas \u201eHoly Belawood\u201c \/ \u0422\u044d\u043b\u0435\u0433\u0440\u0430\u043c-\u043a\u0430\u043d\u0430\u043b &#8220;\u0421\u0432\u044f\u0449\u0435\u043d\u043d\u044b\u0439 \u0411\u0435\u043b\u0430\u0432\u0443\u0434&#8221; \/ Telegram channel \u201cHoly Belawood\u201d<\/span><\/em><\/p>\n<p><em><span style=\"font-weight: 400;\">FSh1: Baltarusi\u0173 fotografijos platforma \/ \u0424\u0428: \u0411\u0435\u043b\u0430\u0440\u0443\u0441\u043a\u0430\u044f \u0444\u0430\u0442\u0430\u0433\u0440\u0430\u0444\u0456\u0447\u043d\u0430\u044f \u043f\u043b\u0430\u0442\u0444\u043e\u0440\u043c\u0430 \/ FSh1: Belarusian Photographic Platform<\/span><\/em><\/p>\n<p><em><span style=\"font-weight: 400;\">Asociacija CZABOR \/ \u0410\u0441\u0430\u0446\u044b\u044f\u0446\u044b\u044f \u0427\u0410\u0411\u041e\u0420 \/ Association CZABOR<\/span><\/em><\/p>\n<p><em><span style=\"font-weight: 400;\">Vie\u0161oji kult\u016brin\u0117 kampanija \u201eB\u016bkime baltarusiais\u201c \/ \u0413\u0440\u0430\u043c\u0430\u0434\u0441\u043a\u0430\u044f \u043a\u0443\u043b\u044c\u0442\u0443\u0440\u043d\u0456\u0446\u043a\u0430\u044f \u043a\u0430\u043c\u043f\u0430\u043d\u0456\u044f \u201c\u0411\u0443\u0434\u0437\u044c\u043c\u0430 \u0431\u0435\u043b\u0430\u0440\u0443\u0441\u0430\u043c\u0456\u201d (Budzma)\u00a0 \/ V\u0160\u012e \u201eB\u016bkim kartu\u201c<\/span><\/em><\/p>\n<p><em><span style=\"font-weight: 400;\">Pasaulio baltarusi\u0173 s\u0105junga \u201eT\u0117vyn\u0117\u201c \/ \u0417\u0433\u0443\u0440\u0442\u0430\u0432\u0430\u043d\u043d\u0435 \u0431\u0435\u043b\u0430\u0440\u0443\u0441\u0430\u045e \u0441\u0432\u0435\u0442\u0443 \u201c\u0411\u0430\u0446\u044c\u043a\u0430\u045e\u0448\u0447\u044b\u043d\u0430\u201d (\u201cBacka\u016d\u0161\u010dyna\u201c)\u00a0 \/ V\u0160\u012e \u201eMano \u0161alis\u201c<\/span><\/em><\/p>\n<p><em><span style=\"font-weight: 400;\">Fondas Tutaka \/ \u0424\u043e\u043d\u0434 \u0422\u0443\u0442\u0430\u043a\u0430 \/ Tutaka Foundation \/ Fundacja Tutaka<\/span><\/em><\/p>\n<p><em><span style=\"font-weight: 400;\">Laisvos Baltarusijos muziejus \/ \u041c\u0443\u0437\u0435\u0439 \u0412\u043e\u043b\u044c\u043d\u0430\u0439 \u0411\u0435\u043b\u0430\u0440\u0443\u0441\u0456 \/ Free Belarus Museum<\/span><\/em><\/p>\n<p><em><span style=\"font-weight: 400;\">Fondas \u201eK\u016br\u0117j\u0173 namai\u201c \/ \u0424\u043e\u043d\u0434 &#8220;\u0414\u043e\u043c \u0442\u0432\u043e\u0440\u0446\u0430\u045e&#8221; \/ Foundation\u00a0 \u201cDom Tvorcau\u201d\u00a0<\/span><\/em><\/p>\n<p><em><span style=\"font-weight: 400;\">\u0426\u044d\u043d\u0442\u0430\u0440 \u0431\u0435\u043b\u0430\u0440\u0443\u0441\u043a\u0430\u0439 \u0441\u0443\u043f\u043e\u043b\u044c\u043d\u0430\u0441\u044c\u0446\u0456 \u0439 \u043a\u0443\u043b\u044c\u0442\u0443\u0440\u044b \/ Baltarusi\u0173 bendruomen\u0117s ir kult\u016bros centras\u00a0<\/span><\/em><\/p>\n<p><em><span style=\"font-weight: 400;\">Human Constanta, \u017emogaus teisi\u0173 apsaugos organizacija \/ Human Constanta, \u043f\u0440\u0430\u0432\u0430\u0430\u0431\u0430\u0440\u043e\u043d\u0447\u0430\u044f \u0430\u0440\u0433\u0430\u043d\u0456\u0437\u0430\u0446\u044b\u044f \/ Human Constanta, human rights organization<\/span><\/em><\/p>\n<p><em><span style=\"font-weight: 400;\">\u017dmogaus teisi\u0173 centras \u201ePavasaris\u201c \/ \u041f\u0440\u0430\u0432\u0430\u0430\u0431\u0430\u0440\u043e\u043d\u0447\u044b \u0446\u044d\u043d\u0442\u0440 \u201c\u0412\u044f\u0441\u043d\u0430\u201d \/ The Human Rights Center \u201cViasna\u201d<\/span><\/em><\/p>\n<p><em>Parduotuv\u0117 ir k\u016brybin\u0117 erdv\u0117 KROPKA (MB KROPKA)<\/em><\/p>\n<p><em>MB STATUE GDS &#038; VS<\/em><\/p>\n<p><em>Gomelio savanori\u0173 jud\u0117jimas<\/em><\/p>\n","protected":false},"excerpt":{"rendered":"<p>[The statement\u00a0in English is here] [\u0417\u0430\u044f\u0432\u0430 \u043f\u0430-\u0431\u0435\u043b\u0430\u0440\u0443\u0441\u043a\u0443 \u0442\u0443\u0442] Mes, Baltarusi\u0173 PEN centras ir kitos \u017emogaus teisi\u0173 ir kult\u016bros organizacijos, pasira\u0161iusios \u0161\u012f parei\u0161kim\u0105, norime atkreipti tarptautin\u0117s bendruomen\u0117s ir Lietuvos vald\u017eios d\u0117mes\u012f \u012f eil\u0119 vandalizmo akt\u0173 ir neapykantos kalbos aprai\u0161k\u0173, nukreipt\u0173 prie\u0161 baltarusi\u0173 bendruomen\u0119 Vilniuje 2024 metais:\u00a0 Liepos 28 d. ne\u017einomi asmenys \u012fvykd\u0117 atak\u0105 baltarusi\u0173 parduotuv\u0117je \u201eKropka\u201c.<\/p>\n","protected":false},"author":117,"featured_media":18002,"comment_status":"closed","ping_status":"closed","sticky":false,"template":"","format":"standard","meta":{"footnotes":""},"categories":[2,4255],"tags":[],"class_list":["post-17994","post","type-post","status-publish","format-standard","has-post-thumbnail","hentry","category-statement","category-cultural-right"],"_links":{"self":[{"href":"https:\/\/penbelarus.org\/en\/wp-json\/wp\/v2\/posts\/17994","targetHints":{"allow":["GET"]}}],"collection":[{"href":"https:\/\/penbelarus.org\/en\/wp-json\/wp\/v2\/posts"}],"about":[{"href":"https:\/\/penbelarus.org\/en\/wp-json\/wp\/v2\/types\/post"}],"author":[{"embeddable":true,"href":"https:\/\/penbelarus.org\/en\/wp-json\/wp\/v2\/users\/117"}],"replies":[{"embeddable":true,"href":"https:\/\/penbelarus.org\/en\/wp-json\/wp\/v2\/comments?post=17994"}],"version-history":[{"count":13,"href":"https:\/\/penbelarus.org\/en\/wp-json\/wp\/v2\/posts\/17994\/revisions"}],"predecessor-version":[{"id":18941,"href":"https:\/\/penbelarus.org\/en\/wp-json\/wp\/v2\/posts\/17994\/revisions\/18941"}],"wp:featuredmedia":[{"embeddable":true,"href":"https:\/\/penbelarus.org\/en\/wp-json\/wp\/v2\/media\/18002"}],"wp:attachment":[{"href":"https:\/\/penbelarus.org\/en\/wp-json\/wp\/v2\/media?parent=17994"}],"wp:term":[{"taxonomy":"category","embeddable":true,"href":"https:\/\/penbelarus.org\/en\/wp-json\/wp\/v2\/categories?post=17994"},{"taxonomy":"post_tag","embeddable":true,"href":"https:\/\/penbelarus.org\/en\/wp-json\/wp\/v2\/tags?post=17994"}],"curies":[{"name":"wp","href":"https:\/\/api.w.org\/{rel}","templated":true}]}}