{"id":17171,"date":"2024-10-21T14:52:46","date_gmt":"2024-10-21T14:52:46","guid":{"rendered":"https:\/\/penbelarus.org\/?p=17171"},"modified":"2024-10-21T14:59:36","modified_gmt":"2024-10-21T14:59:36","slug":"zayava-ab-pryznanni-vasmi-chalavek-palitychnymi-znyavolenymi-4","status":"publish","type":"post","link":"https:\/\/penbelarus.org\/en\/2024\/10\/21\/zayava-ab-pryznanni-vasmi-chalavek-palitychnymi-znyavolenymi-4.html","title":{"rendered":"The statement on the recognition of eight people as political prisoners"},"content":{"rendered":"<p style=\"text-align: center;\"><em><strong>Statement by the human rights community of Belarus<\/strong><\/em><\/p>\n<p><em>October 21, 2024<\/em><\/p>\n<p>We, the representatives of the Belarusian human rights community, once again emphasize that criminal responsibility and deprivation of liberty for various protest activities are used by authorities to suppress social and political activity, dissent, and anti-war demonstrations.<\/p>\n<p>In 2021, criminal legislation was significantly tightened and supplemented with new types of crimes used by authorities exclusively for political repression.<\/p>\n<p>Out-of-court, the Interior Ministry and the KGB arbitrarily recognize as extremist citizens&#8217; groups brought together by public or political interests that criticize the actions of the authorities and demand reforms in the state and its policies. Several media resources were recognized as extremist formations as well. This in turn paves the way for the arbitrary prosecution and imprisonment of their members and respondents as a disproportionate measure restricting the right to association and freedom of expression. Thus, the following have been placed in custody:<\/p>\n<ol>\n<li><strong>Alaksandr Jaku\u0161ko\u016d<\/strong> on charges of participating in an extremist formation under Article 361-1 of the Criminal Code;<\/li>\n<li><strong>Arciom Zia\u0144ko\u016d<\/strong> on charges of financing extremist activities for donations to initiatives recognized as an extremist formation, under Article 361-2 of the Criminal Code;<\/li>\n<li><strong>Valery Miafodzijenka<\/strong> on charges of financing extremist and terrorist activities for donations to initiatives recognized as an extremist formation, under Articles 361-2, 290-1 of the Criminal Code;<\/li>\n<li><strong>Andrej \u0141abada<\/strong> on charges of insulting a representative of the authorities and financing extremist activities for making statements on the Internet and for donations to initiatives recognized as an extremist formation under Articles 369 and 361-2 of the Criminal Code;<\/li>\n<li><strong>Maryna Leanovi\u010d<\/strong> on charges of financing extremist activities and participation of citizens in military conflicts for donations to protest initiatives and Belarusian volunteers in the Armed Forces of Ukraine under Articles 361-2 and 361-3 of the Criminal Code;<\/li>\n<li><strong>Ja\u016dhien Zajca\u016d<\/strong> on charges of facilitating extremist activities and participating in group actions grossly violating public order under Articles 361-4 and 342 of the Criminal Code; he was sentenced to imprisonment in a penal colony;<\/li>\n<li><strong>Ja\u016dhien \u015aciapana\u016d<\/strong> on charges of participating in an extremist formation under Article 361-1 of the Criminal Code; he was sentenced to imprisonment in a penal colony;<\/li>\n<li><strong>Siarhiej Pa\u016d\u0142avicki<\/strong> on charges of financing extremist activities under Article 361-2 of the Criminal Code; he was sentenced to three years of imprisonment in a penal colony.<\/li>\n<\/ol>\n<p>We recognize the named individuals as political prisoners in accordance with paragraph 3.1 (a) of the Guidelines on the Definition of \u201cPolitical Prisoner\u201d, and demand that the Belarusian authorities:<\/p>\n<ul>\n<li>immediately release political prisoners<strong> Alaksandr Jaku\u0161ko\u016d, Arciom Zia\u0144ko\u016d, Valery Miafodzijenka, Andrej \u0141abada, Maryna Leanovi\u010d, Ja\u016dhien Zajca\u016d, Ja\u016dhien \u015aciapana\u016d, Siarhiej Pa\u016d\u0142avicki<\/strong>;<\/li>\n<li>immediately release all political prisoners and stop political repression.<\/li>\n<\/ul>\n<p><em>Human Rights Center Viasna;<\/em><\/p>\n<p><em>Belarusian Helsinki Committee;<\/em><\/p>\n<p><em>Office for the Rights of Persons with Disabilities;<\/em><\/p>\n<p><em>Legal initiative;<\/em><\/p>\n<p><em>Belarusian Association of Journalists;<\/em><\/p>\n<p><em>PEN Belarus.<\/em><\/p>\n","protected":false},"excerpt":{"rendered":"<p>Statement by the human rights community of Belarus October 21, 2024 We, the representatives of the Belarusian human rights community, once again emphasize that criminal responsibility and deprivation of liberty for various protest activities are used by authorities to suppress social and political activity, dissent, and anti-war demonstrations. In 2021, criminal legislation was significantly tightened<\/p>\n","protected":false},"author":117,"featured_media":17172,"comment_status":"closed","ping_status":"closed","sticky":false,"template":"","format":"standard","meta":{"footnotes":""},"categories":[4201],"tags":[],"class_list":["post-17171","post","type-post","status-publish","format-standard","has-post-thumbnail","hentry","category-solidarity"],"_links":{"self":[{"href":"https:\/\/penbelarus.org\/en\/wp-json\/wp\/v2\/posts\/17171","targetHints":{"allow":["GET"]}}],"collection":[{"href":"https:\/\/penbelarus.org\/en\/wp-json\/wp\/v2\/posts"}],"about":[{"href":"https:\/\/penbelarus.org\/en\/wp-json\/wp\/v2\/types\/post"}],"author":[{"embeddable":true,"href":"https:\/\/penbelarus.org\/en\/wp-json\/wp\/v2\/users\/117"}],"replies":[{"embeddable":true,"href":"https:\/\/penbelarus.org\/en\/wp-json\/wp\/v2\/comments?post=17171"}],"version-history":[{"count":3,"href":"https:\/\/penbelarus.org\/en\/wp-json\/wp\/v2\/posts\/17171\/revisions"}],"predecessor-version":[{"id":17175,"href":"https:\/\/penbelarus.org\/en\/wp-json\/wp\/v2\/posts\/17171\/revisions\/17175"}],"wp:featuredmedia":[{"embeddable":true,"href":"https:\/\/penbelarus.org\/en\/wp-json\/wp\/v2\/media\/17172"}],"wp:attachment":[{"href":"https:\/\/penbelarus.org\/en\/wp-json\/wp\/v2\/media?parent=17171"}],"wp:term":[{"taxonomy":"category","embeddable":true,"href":"https:\/\/penbelarus.org\/en\/wp-json\/wp\/v2\/categories?post=17171"},{"taxonomy":"post_tag","embeddable":true,"href":"https:\/\/penbelarus.org\/en\/wp-json\/wp\/v2\/tags?post=17171"}],"curies":[{"name":"wp","href":"https:\/\/api.w.org\/{rel}","templated":true}]}}