{"id":15973,"date":"2024-06-27T10:55:18","date_gmt":"2024-06-27T10:55:18","guid":{"rendered":"https:\/\/penbelarus.org\/en\/?p=15973"},"modified":"2024-06-27T11:21:12","modified_gmt":"2024-06-27T11:21:12","slug":"turkiye-politically-motivated-charges-against-pen-member-pinar-selek-must-be-dropped","status":"publish","type":"post","link":"https:\/\/penbelarus.org\/en\/2024\/06\/27\/turkiye-politically-motivated-charges-against-pen-member-pinar-selek-must-be-dropped.html","title":{"rendered":"T\u00fcrkiye: Politically motivated charges against PEN member P\u0131nar Selek must be dropped"},"content":{"rendered":"<p>PEN Belarus joins the <a href=\"https:\/\/www.pen-international.org\/news\/trkiye-politically-motivated-charges-against-pinar-selek-must-be-dropped\" target=\"_blank\" rel=\"nofollow noindex noopener\">statement<\/a> of PEN International regarding P\u0131nar Selek.<\/p>\n<p class=\"preFade fadeIn\" style=\"text-align: center\"><strong><em>\u201cThat PEN T\u00fcrkiye member P\u0131nar Selek finds herself once again on trial after being acquitted of all charges on four separate occasions is nothing less but a travesty of justice, and a chilling reminder of the risks faced by those in T\u00fcrkiye who dare express dissenting views. Selek has been persecuted by the authorities of T\u00fcrkiye for 26 years \u2013 half her life. Her politically motivated ordeal must end once and for all\u201d,<\/em> said Ma Thida, Chair of PEN International\u2019s Writers in Prison Committee. <\/strong><\/p>\n<p class=\"preFade fadeIn\"><strong>24 June 2024 \u2013 The authorities of T\u00fcrkiye must drop all charges against renowned sociologist and PEN T\u00fcrkiye member P\u0131nar Selek, PEN International said today, ahead of her hearing in Istanbul on 28 June. She faces an aggravated life sentence on trumped up terrorism grounds if convicted. <\/strong><\/p>\n<p class=\"preFade fadeIn\">Sociologist, feminist, writer, and PEN T\u00fcrkiye member P\u0131nar Selek has <a href=\"https:\/\/www.pen-international.org\/news\/trkiye-end-the-decades-long-judicial-harassment-of-pen-member-pnar-selek\" target=\"_blank\" rel=\"nofollow noindex noopener\">faced<\/a> a decades-long trial over a 1998 explosion that occurred in the Istanbul Spice Bazaar, a tragedy that killed seven and injured over 100. Arrested in July 1998, Selek spent over two years in prison, where she said she suffered torture and other ill-treatment. Selek was acquitted of all charges four times \u2013 in 2006, 2008, 2011 and 2014 \u2013 due to the testimony of expert witnesses that claimed that the cause of the explosion was a gas leak rather than a bomb, yet courts ordered retrials after each of these acquittals. On 21 June 2022, T\u00fcrkiye\u2019s Supreme Court overturned Selek\u2019s fourth acquittal. Her fifth trial before the Istanbul Criminal Court opened on 31 March 2023; the case was postponed to 29 September 2023, before being adjourned to 28 June 2024. She remains the subject of an international arrest warrant.<\/p>\n<p class=\"preFade fadeIn\">PEN International believes that the prosecution of P\u0131nar Selek is linked to her work as a sociologist researching Kurdish communities in the mid-to-late 1990s, and that she is being pursued through the courts as a means of penalising her for her legitimate research and commentary. At the time of her arrest, Selek had been <a href=\"https:\/\/www.pinarselek.com\/public\/page_item.aspx?id=2212\" target=\"_blank\" rel=\"nofollow noindex noopener\">working<\/a> on an oral history of the banned Kurdistan\u2019s Workers Party (PKK) and talking to some PKK members to find out why they had chosen armed violence. Selek reported being tortured under investigation, in an attempt to coerce her into divulging the names of individuals she had interviewed as part of her research.<\/p>\n<p class=\"preFade fadeIn\">The situation for freedom of expression in T\u00fcrkiye remains a grave concern. In September 2022, the Assembly of Delegates of PEN International notably adopted a\u00a0<a href=\"https:\/\/pen-international.org\/who-we-are\/annual-congress\/pen-international-closes-its-88th-congress\/resolution-on-the-repression-of-kurdish-language-and-culture-in-turkiye\" target=\"_blank\" rel=\"nofollow noindex noopener\">resolution<\/a>\u00a0calling on the authorities of T\u00fcrkiye to end the prosecution and detention of writers on the basis of the content of their writing \u2013 including in support of Kurdish language and culture \u2013 and to immediately release all those held for peacefully expressing their views.<\/p>\n<p class=\"preFade fadeIn\">P\u0131nar Selek, born on 8 October 1971, has written extensively about the plight of women, the poor, street children, the LGBTI community and the Kurds in T\u00fcrkiye. She is one of the founding editors of <a href=\"https:\/\/www.amargidergi.com\/yeni\/\" target=\"_blank\" rel=\"nofollow noindex noopener\"><em>Amargi<\/em><\/a>, a Turkish feminist journal. Her latest book <em>Le Chaudron Militaire Turc<\/em> (The Military Cauldron) was published in November 2023. She has been living in France since 2012 and holds both French and Turkish citizenship. PEN International and PEN Centres have long supported Selek, including by notably observing her trial hearings and campaigning for all charges against her to be dropped. She is a former resident of German PEN\u2019s Writers-in-Exile programme.<\/p>\n<p class=\"preFade fadeIn\">For more information about PEN International\u2019s work on T\u00fcrkiye and campaign for P\u0131nar Selek, please see <a href=\"https:\/\/www.pen-international.org\/news\/pen-international-case-list-2023-2024\" target=\"_blank\" rel=\"nofollow noindex noopener\"><em>War, Censorship and Persecution<\/em><\/a>, PEN International\u2019s Case List 2023\/2024, which documents 122 cases of persecuted writers worldwide, including Selek.<\/p>\n<p class=\"preFade fadeIn\"><strong>Note to Editors<\/strong><\/p>\n<p class=\"preFade fadeIn\">For further information please contact Aur\u00e9lia Dondo, Head of Europe and Central Asia Region: <a href=\"mailto:Aurelia.dondo@pen-international.org\" target=\"_blank\" rel=\"nofollow noindex noopener\">Aurelia.dondo@pen-international.org<\/a><\/p>\n","protected":false},"excerpt":{"rendered":"<p>PEN Belarus joins the statement of PEN International regarding P\u0131nar Selek. \u201cThat PEN T\u00fcrkiye member P\u0131nar Selek finds herself once again on trial after being acquitted of all charges on four separate occasions is nothing less but a travesty of justice, and a chilling reminder of the risks faced by those in T\u00fcrkiye who dare<\/p>\n","protected":false},"author":64,"featured_media":15975,"comment_status":"closed","ping_status":"closed","sticky":false,"template":"","format":"standard","meta":{"footnotes":""},"categories":[4201],"tags":[],"class_list":["post-15973","post","type-post","status-publish","format-standard","has-post-thumbnail","hentry","category-solidarity"],"_links":{"self":[{"href":"https:\/\/penbelarus.org\/en\/wp-json\/wp\/v2\/posts\/15973","targetHints":{"allow":["GET"]}}],"collection":[{"href":"https:\/\/penbelarus.org\/en\/wp-json\/wp\/v2\/posts"}],"about":[{"href":"https:\/\/penbelarus.org\/en\/wp-json\/wp\/v2\/types\/post"}],"author":[{"embeddable":true,"href":"https:\/\/penbelarus.org\/en\/wp-json\/wp\/v2\/users\/64"}],"replies":[{"embeddable":true,"href":"https:\/\/penbelarus.org\/en\/wp-json\/wp\/v2\/comments?post=15973"}],"version-history":[{"count":3,"href":"https:\/\/penbelarus.org\/en\/wp-json\/wp\/v2\/posts\/15973\/revisions"}],"predecessor-version":[{"id":15980,"href":"https:\/\/penbelarus.org\/en\/wp-json\/wp\/v2\/posts\/15973\/revisions\/15980"}],"wp:featuredmedia":[{"embeddable":true,"href":"https:\/\/penbelarus.org\/en\/wp-json\/wp\/v2\/media\/15975"}],"wp:attachment":[{"href":"https:\/\/penbelarus.org\/en\/wp-json\/wp\/v2\/media?parent=15973"}],"wp:term":[{"taxonomy":"category","embeddable":true,"href":"https:\/\/penbelarus.org\/en\/wp-json\/wp\/v2\/categories?post=15973"},{"taxonomy":"post_tag","embeddable":true,"href":"https:\/\/penbelarus.org\/en\/wp-json\/wp\/v2\/tags?post=15973"}],"curies":[{"name":"wp","href":"https:\/\/api.w.org\/{rel}","templated":true}]}}